{"id":219163,"date":"2022-03-18T06:27:27","date_gmt":"2022-03-18T05:27:27","guid":{"rendered":"https:\/\/www.cronacaonline.it\/?p=219163"},"modified":"2022-03-18T06:27:29","modified_gmt":"2022-03-18T05:27:29","slug":"riunione-straordinaria-del-consiglio-approvato-un-ordine-del-giorno-unitario-sul-caro-carburanti","status":"publish","type":"post","link":"https:\/\/www.cronacaonline.it\/index.php\/2022\/03\/18\/riunione-straordinaria-del-consiglio-approvato-un-ordine-del-giorno-unitario-sul-caro-carburanti\/","title":{"rendered":"Riunione straordinaria del Consiglio: approvato un ordine del giorno unitario sul \u201ccaro carburanti\u201d."},"content":{"rendered":"\n<p><br>Cagliari, 18 Mar 2022 - La seduta straordinaria di ieri del Consiglio regionale della Sardegna sul caro-carburanti, si \u00e8 aperta alle 18.25 sotto la presidenza del presidente del Consiglio Michele Pais.<\/p>\n\n\n\n<p>Dopo le formalit\u00e0 di rito l\u2019Aula ha messo in discussione la Risoluzione votata ieri all\u2019unanimit\u00e0 dalla Commissione \u201cGoverno del Territorio\u201d. Il presidente Pais ha ringraziato il Consiglio per avere immediatamente preso in mano la questione mandando un segnale di sostegno alla protesta delle associazioni degli autotrasportatori e delle aziende in ginocchio per l\u2019aumento dei prezzi dei carburanti.<\/p>\n\n\n\n<p>Il presidente della Quarta Commissione Giuseppe Talanas (Forza Italia) ha illustrato la Risoluzione approvata: \u00abIeri abbiamo sentito una delegazione degli autotrasportatori. Al termine \u00e8 stato votato un documento con il quale si invita la Giunta&nbsp;a sostenere un\u2019azione forte nei confronti del Governo perch\u00e9 si trovino i responsabili dell\u2019aumento ingiustificato dei prezzi dei carburanti\u00bb. Talanas ha poi illustrato gli altri punti della Risoluzione con i quali si chiede un intervento immediato per calmierare il prezzo dei carburanti e forme di compensazione a favore degli autotrasportatori e delle attivit\u00e0 produttive per i maggiori costi sostenuti. \u00abGli autotrasportatori sono ormai al collasso \u2013 ha proseguito Talanas \u2013 le aziende preferiscono fermarsi perch\u00e9 mettere in motto i camion \u00e8 controproducente\u00bb. Il presidente della Quarta Commissione ha quindi auspicato l\u2019approvazione di provvedimenti di legge ad hoc: \u00abNella Quinta Commissione presieduta da Piero Maieli si \u00e8 gi\u00e0 discussa una proposta di legge che prevede misure di sostegno alle attivit\u00e0 produttive per abbattere il costo dei trasporti. Nei prossimi giorni si faranno le audizioni. Questa proposta, insieme ad altre che si stanno presentando, possono essere approvate velocemente. Occorre dare un segnale alle aziende sarde che vivono una situazione drammatica<\/p>\n\n\n\n<p>Gianfranco Satta \u2013 a nome dei Progressisti \u2013 ha sostenuto che la crescita dei prezzi dei carburanti non pu\u00f2 essere inquadrata dentro un confine territoriale. \u00abCi si trova di fronte a una speculazione economica e finanziaria \u2013 ha detto Satta \u2013 gli aumenti del gasolio hanno avuto conseguenze devastanti per gli autotrasportatori e per tutti i settori dell\u2019economia isolana, lo sa bene chi ogni giorno si reca con la propria auto al lavoro\u00bb. Secondo Satta non basta per\u00f2 sollecitare solo un intervento del Governo nazionale: \u00abAbbiamo il dovere di riflettere pi\u00f9 a fondo sul tema e trovare qualche soluzione reale e concreta nella disponibilit\u00e0 del Consiglio regionale. Non ci si pu\u00f2 limitare a richiedere un intervento nazionale. La questione deve essere inquadrata in una prospettiva pi\u00f9 ampia. Ci\u00f2 che stiamo vivendo \u00e8 la crisi dell\u2019attuale modello energetico che non spinge sulle energie rinnovabili. E\u2019 un sistema giunto ormai alla fine. Sta dando gli ultimi colpi di coda e cerca di tenere in scacco tutti gli operatori. Servono soluzioni di carattere strutturale come quella adottata dal Friuli che qualche anno fa ha previsto agevolazioni per gli autotrasportatori e per i residenti nei comuni montani. Il rischio \u00e8 trovarci davanti a una battaglia ben pi\u00f9 ampia. Le crisi possono determinare il crollo o la rinascita di un territorio\u00bb.<\/p>\n\n\n\n<p>Un\u2019azione forte da parte della Giunta ha sollecitato il capogruppo del Movimento Cinque Stelle Roberto Li Gioi: \u00abCon questa risoluzione vogliamo dare un mandato forte al Presidente della Regione Solinas perch\u00e9 vada a Roma a battere i pugni sul tavolo del Governo \u2013 ha affermato Li Gioi \u2013 la Sardegna sta vivendo una crisi profonda. La condizione di insularit\u00e0 amplifica i problemi. Oggi siamo al quarto giorno di sciopero degli autotrasportatori. Una protesta che ha conseguenze per le aziende dell\u2019agroalimentare i cui prodotti deperibili stanno andando a male come successo all\u2019azienda di cozze di Olbia. Si rischia un conflitto sociale. Se si andr\u00e0 avanti con i blocchi i danni saranno incalcolabili. Non si pu\u00f2 attendere oltre. Siamo vicini agli autotrasportatori ma occorre dare un segnale forte a tutti i sardi. Fondamentale che Solinas si rechi a Roma e spieghi a chi di dovere che la questione sarda \u00e8 molto pi\u00f9 grave rispetto a quella di altre regioni. Sappiamo bene che la competenza \u00e8 del governo ma proprio per questo \u00e8 importante che il presidente rappresenti tutto il popolo sardo\u00bb.<\/p>\n\n\n\n<p>Per Emanuele Cera (Forza Italia) la convocazione di una seduta straordinaria del Consiglio \u00e8 un segnale tangibile da parte della politica alla grave situazione che si \u00e8 creata. \u00abQuando si blocca l\u2019autotrasporto si blocca tutta l\u2019economia sarda \u2013 ha detto Cera \u2013 il prezzo dei carburanti \u00e8 aumentato in tutta Italia ma si manifesta solo in Sardegna. C\u2019\u00e8 un disinteresse totale da parte dell\u2019informazione nazionale, si parla di tutto fuorch\u00e9 del dramma che sta vivendo la nostra Isola. Fortunatamente ci sono gli organi di stampa sardi che danno conto della crisi che stanno vivendo le aziende agricole e quelle di trasformazione: i danni sono incalcolabili e in alcuni casi irrimediabili\u00bb. L\u2019esponente azzurro ha quindi espresso solidariet\u00e0 agli autotrasportatori ma li ha invitati a tener conto della situazione di tutto il sistema produttivo isolano: \u00abE\u2019 giusto protestare ma non si possono danneggiare le altre aziende. Servono risposte da parte del Governo, il presidente della Regione si faccia carico della situazione a avvii un confronto con gli autotrasportatori per evitare ulteriori danni. Si rischiano problemi di ordine pubblico che dobbiamo prevenire ed evitare. La politica sarda, in attesa di un provvedimento del Governo, abbia il coraggio di trasferirsi nella capitale per sollecitare una soluzione al problema\u00bb.<\/p>\n\n\n\n<p>\u00c8 quindi intervenuto Franco Stara (Udc Cambiamo!), che ha affermato come una riduzione di 10-20 centesimi non \u00e8 sufficiente, bisogna chiedere il congelamento delle accise. Il consigliere e presidente della Commissione Lavoro, ha spiegato che si sta parlando non soltanto di autotrasporto, ma anche di trasporti marittimi, dei padroncini e non solo. Stara si \u00e8 detto d\u2019accordo con l\u2019on. Li Gioi e ha affermato che non bisogna andare a Roma con il cappello in mano, ma una delegazione di consiglieri regionali dovrebbe andare nella Capitale finch\u00e9 non si trova una soluzione.&nbsp; Il presidente della Seconda commissione ha ricordato che la Sardegna \u00e8 un\u2019Isola e che fra un po\u2019 non verr\u00e0 pi\u00f9 nessuno. La Sardegna \u00e8 bellissima \u2013 ha detto - ma a nuoto non possiamo attraversare il mare e le nostre merci non possono venire con le zattere. Stara ha concluso annunciando che il gruppo Udc Cambiamo! \u00e8 disponibile ad andare a Roma anche domani per chiedere una soluzione.&nbsp; \u201cQuesta \u00e8 una battaglia dei sardi\u201d non soltanto degli autotrasportatori.<\/p>\n\n\n\n<p>Per Roberto Caredda (capogruppo Misto) i rincari sono ingiustificati ed eccessivi e creano ingenti danni. La politica deve intervenire a tutela di famiglie, lavoratori e imprese. Per Caredda si rischia il crollo del settore dei trasporti e dell\u2019agroalimentare. Senza un\u2019azione concreta del governo nazionale, ha proseguito, non si risolvono i problemi. Per il consigliere il Consiglio regionale unito deve chiedere al Governo di calmierare il prezzo del carburante e trovare compensazioni per gli autotrasportatori e per le altre categorie produttive colpite.&nbsp; Caredda ha manifestato la volont\u00e0 del suo Gruppo di sostenere la risoluzione e ha chiesto a tutta la politica di aprire un confronto con il Governo per una risoluzione immediata. In conclusione ha espresso solidariet\u00e0 agli autotrasportatori.<\/p>\n\n\n\n<p>Anche Michele Cossa (Riformatori sardi) ha affermato che il Gruppo dei Riformatori sardi \u00e8 solidale con la protesta di quelle categorie che stanno pagando in modo cos\u00ec pesante una \u201ccolossale truffa\u201d come detto dal ministro Cingolani, che colpisce l\u2019Italia. Cossa ha evidenziato positivamente il lavoro fatto dalla IV Commissione, che ha approvato la risoluzione, e ha ricordato che anche in questa circostanza appare evidente come l\u2019insularit\u00e0 condizioni pesantemente tutto. Siamo in una condizione di sostanziale chiusura della circolazione delle merci, ha detto, e ci deve fare riflettere sulle azioni da portare avanti in futuro. Cossa ha poi manifestato apprezzamento le mozioni presentate dalla Lega, che con molta caparbiet\u00e0 da tantissimo tempo affronta il tema dell\u2019energia, \u201cun tema strategico -&nbsp; ha continuato Cossa - &nbsp;su cui navighiamo a vista\u201d e dal gruppo di Fratelli d\u2019Italia che chiede impegno su soluzioni strutturale. Il consigliere ha ricordato che appartiene a un Gruppo che ha sollevato il tema delle accise, in chiave risarcitoria, come veicolo di sviluppo per l\u2019Isola. \u201cSiamo precipitati nella condizione diametralmente opposta\u201d e ha aggiunto che si tratta di \u201cuna situazione intollerabileFausto Piga (FdI) ha affermato di aver parlato con tanti autotrasportatori, fuori e dentro il palazzo. Stanno protestando, ha detto, per un problema che non esiste sui tg nazionali e nelle parole del Governo. Piga ha detto di aver spiegato che la Regione non ha competenze per incidere sul prezzo dei carburanti e l\u2019unico che potrebbe riuscire a distoglierli dalla protesta \u00e8 il Governo.<\/p>\n\n\n\n<p>\u201cLa competenza \u00e8 dello Stato\u201d, ha detto, la Regione pu\u00f2 fare qualcosa e lo far\u00e0, come ha fatto per tante categorie produttive. Per\u00f2 non pu\u00f2 essere un aiuto immediato. Oggi, ha spiegato Piga, gli autotrasportatori hanno bisogno di certezze e \u201cnoi come Regione non possiamo garantirle\u201d. Piga ha ricordato i problemi che questo blocco sta creando agli allevatori, al settore agroalimentare e agli imprenditori agricoli, che rischiano gravi perdite. La situazione, per Piga, \u00e8 drammatica e pericolosa: \u201cLa politica sarda lo sa e forse il Governo non l\u2019ha capito\u201d. Ci vuole una presa di posizione unitaria della politica sarda, ha continuato, nei confronti del Governo. Ogni consigliere&nbsp;ha un parlamentare di riferimento e lo deve esortare a tenere viva questa battaglia, che non riguarda soltanto gli autotrasportatori ma tutta la Sardegna. Al Governo, ha detto, chiediamo provvedimenti completi e veloci. La Regione Sardegna sar\u00e0 al fianco degli autotrasportatori per trovare le soluzioni. Piga ha poi chiesto ai manifestanti di continuare con una protesta giusta, ma senza mettere a rischio famiglie, posti di lavoro e aziende.<\/p>\n\n\n\n<p>Michele Ennas (Lega) ha ringraziato il presidente Pais per la sensibilit\u00e0 e la capacit\u00e0 di raccordo, importante per dare un segnale forte di intervento. Per Ennas si \u00e8 arrivati a un punto di non ritorno, con prezzi alle stelle. \u201cAncora una volta \u2013 ha detto - &nbsp;la nostra Isola paga un prezzo pi\u00f9 alto delle altre regioni\u201d. Tutto quello che sta succedendo si ripercuote, ha continuato, su tutto il sistema produttivo. Ennas ha ricordato che da mesi il suo gruppo ha sollevato il problema dell\u2019energia in Sardegna. Quello degli autotrasportatori, ha spiegato, si affianca a diversi altri settori gi\u00e0 andati in crisi. Per Ennas \u00e8 necessario coinvolgere i parlamentari perch\u00e9 \u201cdobbiamo avere gli stessi diritti delle altre regioni\u201d. La Sardegna, ha proseguito, pu\u00f2 rivendicare, in base allo Statuto, le imposte di fabbricazione sui carburanti prodotti in Sardegna. La maggior parte di queste imposte non restano in Sardegna, ha proseguito. Per Ennas la Sardegna deve rivendicare i suoi diritti a Roma e ha proposto, provocatoriamente, di convocare il Consiglio regionale a Roma per avere le risposte che non arrivano.<\/p>\n\n\n\n<p>\u00abBene la convocazione straordinaria del Consiglio regionale \u2013 ha dichiarato il capogruppo del Pd, Gianfranco Ganau -&nbsp;&nbsp;perch\u00e9 la situazione \u00e8 davvero straordinaria, perch\u00e9 nasce da crisi internazionale su cui si \u00e8 inserita una vergognosa speculazione sul prezzo dei carburanti al consumo\u00bb. \u00abChiediamo che siamo individuati e sanzionati i responsabili di questa vergognosa speculazione \u2013 ha proseguito l\u2019esponente dell\u2019opposizione \u2013 insieme con l\u2019adozione di provvedimenti adeguati a compensare gli autotrasportatori per i maggiori costi sostenuti\u00bb.<\/p>\n\n\n\n<p>Spostare la protesta dalla Sardegna a Roma, \u00e8 invece stato il leit motive dell\u2019intervento del capogruppo Psd\u2019Az, Franco Mula, che pur affermando di comprendere le ragioni degli autotrasportatori ha posto in evidenza i danni che i blocchi stradali e nei porti causano alle aziende isolane (\u00abAccade solo in Sardegna che si attuino proteste che vanno in danno agli stessi sardi\u00bb). \u00abChi pagher\u00e0 i danni causati alle nostre aziende\u00bb, si \u00e8 domandato polemicamente l\u2019esponente del gruppo del presidente della Giunta che ha parlato di \u201cgiungla dei prezzi nei distributori di carburanti\u201d e di \u201ctruffa ai danni dei sardi\u201d, riferendosi alle speculazioni in atto sul costo di gasolio e benzina.<\/p>\n\n\n\n<p>L\u2019assessore dei Trasporti Giorgio Todde ha salutato con favore la convocazione straordinaria del Consiglio e la volont\u00e0 di procedere con un documento unitario (\u00abci d\u00e0 pi\u00f9 forza per andare a Roma per ottenere ci\u00f2 che ci spetta\u00bb) ed ha ricordato l\u2019impegno dell\u2019esecutivo regionale nella vertenza \u201ccaro carburanti\u201d: \u00abAbbiamo tempestivamente attivato il confronto non solo con le organizzazioni di categoria e con il mondo delle produzioni ma anche con i comitati spontanei in lotta nelle strade e nei porti della Sardegna\u00bb.&nbsp;&nbsp;Todde ha anche elencato le richieste avanzate dalla Regione allo Stato (\u00abeliminazione delle accise, abbattimento del costo del trasporto merci, insularit\u00e0\u00bb) e ribadito il piano sostegno alla protesta degli autotrasportatori: \u00abOnore a loro, prime vittime di una speculazione senza precedenti per fermare la quale il Governo deve intervenire immediatamente\u00bb.<\/p>\n\n\n\n<p>L\u2019assessora del Lavoro, Alessandra Zedda \u00e8 intervenuta per comunicare la sottoscrizione di un protocollo di intesa tra la viceministra Teresa Bellanova e le associazioni nazionali di categoria e per richiamare ancora una volta il Consiglio all\u2019unit\u00e0. \u00abAttendiamo con fiducia la riunione del consiglio dei ministri \u2013 ha concluso la vice presidente della Giunta \u2013 perch\u00e9 siano messe in campo tutte quelle misure urgenti che attendiamo\u00bb.<\/p>\n\n\n\n<p>Il presidente del Consiglio ha dunque dato lettura dell\u2019\u2019ordine del giorno sottoscritto da tutti i consiglieri regionali e che,&nbsp;riprendendo i temi espressi nella risoluzione approvata dalla IV^ Commissione, impegna il Presidente della Regione: a sostenere presso il Governo efficaci azioni di ricerca ed individuazione delle condotte che hanno determinato aumenti ingiustificati dei prezzi dei carburanti al consumo; a proseguire nelle azioni intraprese volte a richiedere al Governo interventi immediati atti a calmierare il prezzo dei carburanti; a individuare forme di compensazione a favore degli autotrasportatori e delle attivit\u00e0 produttive penalizzate dai maggiori costi sostenuti; a rivendicare un misura per la Sardegna mirata a sostenere il costo del trasporto merci via mare in quanto maggiorato dalla condizione di insularit\u00e0. L\u2019ordine del giorno invita anche i Parlamentari sardi a sostenere le azioni gi\u00e0 intraprese dal Presidente della Regione e dalla sua Giunta al fine di trovare una soluzione al problema.<\/p>\n\n\n\n<p>Il documento \u00e8 stato approvato all\u2019unanimit\u00e0 e il presidente Pais ha dichiarato conclusi i lavori e ricordato la convocazione dell\u2019Assemblea sarda per marted\u00ec 22 marzo alle 16.&nbsp;Com<\/p>\n","protected":false},"excerpt":{"rendered":"<p>Cagliari, 18 Mar 2022 &#8211; La seduta straordinaria di ieri del Consiglio regionale della Sardegna sul caro-carburanti, si \u00e8 aperta alle 18.25 sotto la presidenza&#8230;<\/p>\n","protected":false},"author":2,"featured_media":211603,"comment_status":"closed","ping_status":"open","sticky":false,"template":"","format":"standard","meta":[],"categories":[49,52],"tags":[],"_links":{"self":[{"href":"https:\/\/www.cronacaonline.it\/index.php\/wp-json\/wp\/v2\/posts\/219163"}],"collection":[{"href":"https:\/\/www.cronacaonline.it\/index.php\/wp-json\/wp\/v2\/posts"}],"about":[{"href":"https:\/\/www.cronacaonline.it\/index.php\/wp-json\/wp\/v2\/types\/post"}],"author":[{"embeddable":true,"href":"https:\/\/www.cronacaonline.it\/index.php\/wp-json\/wp\/v2\/users\/2"}],"replies":[{"embeddable":true,"href":"https:\/\/www.cronacaonline.it\/index.php\/wp-json\/wp\/v2\/comments?post=219163"}],"version-history":[{"count":1,"href":"https:\/\/www.cronacaonline.it\/index.php\/wp-json\/wp\/v2\/posts\/219163\/revisions"}],"predecessor-version":[{"id":219164,"href":"https:\/\/www.cronacaonline.it\/index.php\/wp-json\/wp\/v2\/posts\/219163\/revisions\/219164"}],"wp:featuredmedia":[{"embeddable":true,"href":"https:\/\/www.cronacaonline.it\/index.php\/wp-json\/wp\/v2\/media\/211603"}],"wp:attachment":[{"href":"https:\/\/www.cronacaonline.it\/index.php\/wp-json\/wp\/v2\/media?parent=219163"}],"wp:term":[{"taxonomy":"category","embeddable":true,"href":"https:\/\/www.cronacaonline.it\/index.php\/wp-json\/wp\/v2\/categories?post=219163"},{"taxonomy":"post_tag","embeddable":true,"href":"https:\/\/www.cronacaonline.it\/index.php\/wp-json\/wp\/v2\/tags?post=219163"}],"curies":[{"name":"wp","href":"https:\/\/api.w.org\/{rel}","templated":true}]}}