{"id":219148,"date":"2022-03-17T14:49:57","date_gmt":"2022-03-17T13:49:57","guid":{"rendered":"https:\/\/www.cronacaonline.it\/?p=219148"},"modified":"2022-03-17T14:50:00","modified_gmt":"2022-03-17T13:50:00","slug":"autotrasportatori-lassessore-murgia-rivendicazioni-legittime-ma-tuteliamo-il-lavoro-dei-nostri-agricoltori","status":"publish","type":"post","link":"https:\/\/www.cronacaonline.it\/index.php\/2022\/03\/17\/autotrasportatori-lassessore-murgia-rivendicazioni-legittime-ma-tuteliamo-il-lavoro-dei-nostri-agricoltori\/","title":{"rendered":"Autotrasportatori, l\u2019assessore Murgia: \u201crivendicazioni legittime ma tuteliamo il lavoro dei nostri agricoltori\u201d."},"content":{"rendered":"\n<p>Cagliari, 17 Mar 2022 \u2013\u00a0\u201cLa Regione \u00e8 vicina agli autotrasportatori e porter\u00e0 le loro legittime rivendicazioni davanti al Governo. Bisogna per\u00f2 tutelare i nostri agricoltori che rischiano di essere pesantemente danneggiati dal blocco della movimentazione del prodotto fresco\u201d. \u00c8 l\u2019appello che l\u2019assessore regionale dell\u2019Agricoltura, Gabriella Murgia, rivolge agli autotrasportatori che in questi giorni stanno protestando per il caro carburante.<\/p>\n\n\n\n<p>\u201cCapiamo le loro aspettative \u2013 aggiunge l\u2019esponente della Giunta Sarda \u2013 ed \u00e8 giusto chiedere iniziative per trovare soluzioni di fronte a una situazione che si fa sempre pi\u00f9 grave, ma non si possono penalizzare le nostre aziende agricole ai quali viene impedito di mettere in commercio i loro prodotti. \u00c8 un problema nazionale, che per\u00f2 in Sardegna diventa ancora pi\u00f9 drammatico a causa delle condizioni di insularit\u00e0 e pertanto ancora pi\u00f9 urgente da risolvere\u201d.<\/p>\n\n\n\n<p>\u201c\u00c8 necessario quindi un intervento immediato del Governo per la vertenza degli autotrasportatori e per il settore agricolo e agroalimentare\u201d, conclude l\u2019assessore Murgia. \u201cEd \u00e8 per questo con tutti gli altri assessori della Commissione Politiche agricole della Conferenza delle Regioni nel corso dell\u2019ultima riunione straordinaria abbiamo sollecitato misure tempestive con un documento che contiene le proposte per compensare gli effetti della crisi per il comparto\u201d.&nbsp; Com<\/p>\n","protected":false},"excerpt":{"rendered":"<p>Cagliari, 17 Mar 2022 \u2013\u00a0\u201cLa Regione \u00e8 vicina agli autotrasportatori e porter\u00e0 le loro legittime rivendicazioni davanti al Governo. Bisogna per\u00f2 tutelare i nostri agricoltori&#8230;<\/p>\n","protected":false},"author":2,"featured_media":217670,"comment_status":"closed","ping_status":"open","sticky":false,"template":"","format":"standard","meta":[],"categories":[49,52],"tags":[],"_links":{"self":[{"href":"https:\/\/www.cronacaonline.it\/index.php\/wp-json\/wp\/v2\/posts\/219148"}],"collection":[{"href":"https:\/\/www.cronacaonline.it\/index.php\/wp-json\/wp\/v2\/posts"}],"about":[{"href":"https:\/\/www.cronacaonline.it\/index.php\/wp-json\/wp\/v2\/types\/post"}],"author":[{"embeddable":true,"href":"https:\/\/www.cronacaonline.it\/index.php\/wp-json\/wp\/v2\/users\/2"}],"replies":[{"embeddable":true,"href":"https:\/\/www.cronacaonline.it\/index.php\/wp-json\/wp\/v2\/comments?post=219148"}],"version-history":[{"count":1,"href":"https:\/\/www.cronacaonline.it\/index.php\/wp-json\/wp\/v2\/posts\/219148\/revisions"}],"predecessor-version":[{"id":219149,"href":"https:\/\/www.cronacaonline.it\/index.php\/wp-json\/wp\/v2\/posts\/219148\/revisions\/219149"}],"wp:featuredmedia":[{"embeddable":true,"href":"https:\/\/www.cronacaonline.it\/index.php\/wp-json\/wp\/v2\/media\/217670"}],"wp:attachment":[{"href":"https:\/\/www.cronacaonline.it\/index.php\/wp-json\/wp\/v2\/media?parent=219148"}],"wp:term":[{"taxonomy":"category","embeddable":true,"href":"https:\/\/www.cronacaonline.it\/index.php\/wp-json\/wp\/v2\/categories?post=219148"},{"taxonomy":"post_tag","embeddable":true,"href":"https:\/\/www.cronacaonline.it\/index.php\/wp-json\/wp\/v2\/tags?post=219148"}],"curies":[{"name":"wp","href":"https:\/\/api.w.org\/{rel}","templated":true}]}}