{"id":219117,"date":"2022-03-17T06:43:52","date_gmt":"2022-03-17T05:43:52","guid":{"rendered":"https:\/\/www.cronacaonline.it\/?p=219117"},"modified":"2022-03-17T06:43:55","modified_gmt":"2022-03-17T05:43:55","slug":"rifiuti-radioattivi-il-presidente-della-regione-sardegna-il-no-da-parte-nostra-e-definiti-vo-e-irrevocabile-pronti-a-ogni-azione-per-opporci-a-depositi-nellisola","status":"publish","type":"post","link":"https:\/\/www.cronacaonline.it\/index.php\/2022\/03\/17\/rifiuti-radioattivi-il-presidente-della-regione-sardegna-il-no-da-parte-nostra-e-definiti-vo-e-irrevocabile-pronti-a-ogni-azione-per-opporci-a-depositi-nellisola\/","title":{"rendered":"Rifiuti radioattivi, il presidente della Regione Sardegna: il \u201cno\u201d da parte nostra \u00e8 definiti-vo e irrevocabile, pronti a ogni azione per opporci a depositi nell\u2019isola."},"content":{"rendered":"\n<p>Cagliari, 17 Mar 2022 -\u00a0Un \u201cno\u201d categorico, definitivo e irrevocabile ad ogni ipotesi di utilizzo del territorio sardo per il deposito di rifiuti nucleari. Lo ha ribadito ieri sera il Presidente della regione Solinas, dopo che Sogin ha trasmesso al ministero della Transizione Ecologica la proposta di Carta nazionale delle aree idonee. Intendiamo ribadire in ogni sede, dice il Presidente, la nostra ferma opposizione non solo al progetto originario, che prevedeva 14 siti di stoccaggio in Sardegna, ma anche ad ogni forma di rimodulazione della mappa che includa la nostra Isola. E lo faremo in modo sempre pi\u00f9 forte, con ogni mezzo democratico, anche in questa fase della procedura, che, dopo il seminario nazionale svoltosi nei mesi scorsi, prevede ora una nuova fase di confronto pubblico.<\/p>\n\n\n\n<p>Il Presidente Christian della Sardegna ricorda che, per sostenere anche in ambito tecnico scientifico le ragioni della posizione della Sardegna, ha istituito un Comitato tecnico scientifico che ha trasmesso, gi\u00e0 un anno fa, le proprie argomentazioni. E\u2019 evidente l\u2019inopportunit\u00e0 di una simile scelta, che oltre a rappresentare un pericolo per l\u2019immagine della nostra Isola, si scontrerebbe con quanto stabilito per legge e per effetto di un referendum popolare.<\/p>\n\n\n\n<p>Lo Stato dunque, dice il Presidente, deve rispettare la volont\u00e0 espressa dalla Sardegna a livello popolare e istituzionale.<\/p>\n\n\n\n<p>Nel 2011, in occasione del referendum, oltre il 97% del popolo sardo vot\u00f2 contro la localizzazione delle scorie sull\u2019isola. Anche il Consiglio Regionale, in diverse fasi, si \u00e8 pronunciato in modo nettamente contrario.<\/p>\n\n\n\n<p>La Sardegna, ricorda, ospita pi\u00f9 della met\u00e0 delle servit\u00f9 militari presenti in Italia, circa il 65%, a danno della valorizzazione del territorio isolano. In base ai Trattati costitutivi dell\u2019Unione Europea, i territori insulari andrebbero supportati ed aiutati, in quanto oggettivamente svantaggiati rispetto agli altri sotto alcuni aspetti. \u00c8 anche per questo che l\u2019eventuale collocazione del Deposito sull\u2019isola apparirebbe come l\u2019ennesimo e irragionevole sacrificio imposto al territorio, che gi\u00e0 sopporta un carico superiore a quello di qualsiasi altra regione d\u2019Italia.<\/p>\n\n\n\n<p>E\u2019 evidente, prosegue il Presidente della Regione, l\u2019irragionevolezza di una eventuale decisione. I rischi, in caso di incidente, sarebbero enormemente accresciuti dalla impossibilit\u00e0 per la popolazione di essere efficacemente e rapidamente evacuata dalle zone interessate. L\u2019ulteriore aspetto da considerare riguarda la peculiare caratteristica del sistema idrico sardo. Per ragioni legate alla lotta alla siccit\u00e0, il sistema \u00e8 fortemente integrato. Conseguentemente, un eventuale evento incidentale potrebbe rapidamente compromettere l\u2019intera riserva idrica regionale.<\/p>\n\n\n\n<p>Anche per quel che riguarda il rischio e la pericolosit\u00e0 geomorfologica idraulica di qualsiasi grado e le fasce fluviali, sulla base dei dati aggiornati, i rischi di frana sono ben pi\u00f9 diffusi di quelli valutati da Sogin. Tutte le API sono intensamente interessate dal reticolo idrografico minore dove si concentrano frequenti dissesti; per quel che riguarda i livelli piezometrici affioranti, quasi tutte le API hanno falde freatiche superficiali e interessano acquiferi ad elevata vulnerabilit\u00e0.<\/p>\n\n\n\n<p>Nessuna area tra quelle individuate \u00e8 inoltre in grado di garantire le esigenze di isolamento da infrastrutture antropiche e da attivit\u00e0 umane.<\/p>\n\n\n\n<p>Tutte le aree presentano inoltre un rischio archeologico alto o addirittura altissimo, molte di esse impattano su aree gravate da usi civici e su infrastrutture critiche rilevanti o strategiche.<\/p>\n\n\n\n<p>La nostra ferma e motivata opposizione \u00e8 dunque irrevocabile, conclude il Presidente sardo, e la riproporremo in ogni sede, pronti a far s\u00ec che la Regione promuova una forte mobilitazione popolare che coinvolga l\u2019intera societ\u00e0 sarda. Com<\/p>\n","protected":false},"excerpt":{"rendered":"<p>Cagliari, 17 Mar 2022 &#8211;\u00a0Un \u201cno\u201d categorico, definitivo e irrevocabile ad ogni ipotesi di utilizzo del territorio sardo per il deposito di rifiuti nucleari. Lo&#8230;<\/p>\n","protected":false},"author":2,"featured_media":200716,"comment_status":"closed","ping_status":"open","sticky":false,"template":"","format":"standard","meta":[],"categories":[49,52],"tags":[],"_links":{"self":[{"href":"https:\/\/www.cronacaonline.it\/index.php\/wp-json\/wp\/v2\/posts\/219117"}],"collection":[{"href":"https:\/\/www.cronacaonline.it\/index.php\/wp-json\/wp\/v2\/posts"}],"about":[{"href":"https:\/\/www.cronacaonline.it\/index.php\/wp-json\/wp\/v2\/types\/post"}],"author":[{"embeddable":true,"href":"https:\/\/www.cronacaonline.it\/index.php\/wp-json\/wp\/v2\/users\/2"}],"replies":[{"embeddable":true,"href":"https:\/\/www.cronacaonline.it\/index.php\/wp-json\/wp\/v2\/comments?post=219117"}],"version-history":[{"count":1,"href":"https:\/\/www.cronacaonline.it\/index.php\/wp-json\/wp\/v2\/posts\/219117\/revisions"}],"predecessor-version":[{"id":219118,"href":"https:\/\/www.cronacaonline.it\/index.php\/wp-json\/wp\/v2\/posts\/219117\/revisions\/219118"}],"wp:featuredmedia":[{"embeddable":true,"href":"https:\/\/www.cronacaonline.it\/index.php\/wp-json\/wp\/v2\/media\/200716"}],"wp:attachment":[{"href":"https:\/\/www.cronacaonline.it\/index.php\/wp-json\/wp\/v2\/media?parent=219117"}],"wp:term":[{"taxonomy":"category","embeddable":true,"href":"https:\/\/www.cronacaonline.it\/index.php\/wp-json\/wp\/v2\/categories?post=219117"},{"taxonomy":"post_tag","embeddable":true,"href":"https:\/\/www.cronacaonline.it\/index.php\/wp-json\/wp\/v2\/tags?post=219117"}],"curies":[{"name":"wp","href":"https:\/\/api.w.org\/{rel}","templated":true}]}}