{"id":219102,"date":"2022-03-16T17:59:20","date_gmt":"2022-03-16T16:59:20","guid":{"rendered":"https:\/\/www.cronacaonline.it\/?p=219102"},"modified":"2022-03-16T17:59:23","modified_gmt":"2022-03-16T16:59:23","slug":"autotrasportatori-gli-assessori-zedda-todde-e-pili-incontrano-una-delegazione-del-settore-pieno-sostegno-e-vicinanza-della-regione-chiesto-un-incontro-urgente-al-governo","status":"publish","type":"post","link":"https:\/\/www.cronacaonline.it\/index.php\/2022\/03\/16\/autotrasportatori-gli-assessori-zedda-todde-e-pili-incontrano-una-delegazione-del-settore-pieno-sostegno-e-vicinanza-della-regione-chiesto-un-incontro-urgente-al-governo\/","title":{"rendered":"Autotrasportatori, gli assessori Zedda, Todde e Pili incontrano una delegazione del settore: \u201cpieno sostegno e vicinanza della regione, chiesto un incontro urgente al governo\u201d."},"content":{"rendered":"\n<p>Cagliari, 16 Mar 2022 -\u00a0La Regione ha ribadito la propria vicinanza e sostegno al mondo degli autotrasportatori sardi che da luned\u00ec protesta contro l\u2019impennata del costo del carburante, ed \u00e8 impegnata con tutti gli strumenti a disposizione per far s\u00ec che il comparto possa vedere recepite le richieste d\u2019aiuto. Si \u00e8 svolto oggi nel primissimo pomeriggio presso l\u2019Assessorato del Lavoro l\u2019incontro tra la vicepresidente della Giunta regionale, Alessandra Zedda, e gli Assessori dei Trasporti, Giorgio Todde, e dell\u2019Industria, Anita Pili, che hanno incontrato una delegazione di autotrasportatori, esortandoli comunque a continuare a portare avanti una protesta pacifica, come \u00e8 stato fino a oggi, per evitare disagi che possano penalizzare lo stesso settore nel suo complesso.<\/p>\n\n\n\n<figure class=\"wp-block-image size-full is-resized\"><img loading=\"lazy\" src=\"https:\/\/www.cronacaonline.it\/wp-content\/uploads\/2020\/07\/Assessore-Alessandra-Zedda_3.jpg\" alt=\"\" class=\"wp-image-192439\" width=\"732\" height=\"549\" srcset=\"https:\/\/www.cronacaonline.it\/wp-content\/uploads\/2020\/07\/Assessore-Alessandra-Zedda_3.jpg 600w, https:\/\/www.cronacaonline.it\/wp-content\/uploads\/2020\/07\/Assessore-Alessandra-Zedda_3-300x225.jpg 300w\" sizes=\"(max-width: 732px) 100vw, 732px\" \/><\/figure>\n\n\n\n<p>\u201cIl caro carburante rischia di paralizzare un comparto che consideriamo strategico, con riflessi altamente negativi anche per altri settori. Una situazione che ci ha spinti fin dal principio, pur avendo le mani legate e dipendendo dalle scelte del Governo, a manifestare la nostra vicinanza al settore. Comprendiamo le ragioni della protesta e siamo vicini al grido di dolore che in questi giorni si sta levando forte da chi, a vario titolo, opera sulle strade o nelle campagne ed \u00e8 direttamente coinvolto dal caro carburante. Tutto quello che potr\u00e0 fare la Giunta regionale lo far\u00e0\u201d, hanno spiegato i tre assessori, che gi\u00e0 nei giorni scorsi avevano incontrato diverse delegazioni di autotrasportatori e che questa mattina hanno chiesto ai tre ministri competenti un incontro urgente per portare all\u2019attenzione i problemi della Sardegna, pi\u00f9 gravosi rispetto a quelli delle altre regioni d\u2019Italia in virt\u00f9 della condizione di Isola.<\/p>\n\n\n\n<p>\u201cLa Regione - hanno proseguito gli esponenti della Giunta Sarda nel corso dell\u2019incontro - non avendo la competenza diretta non ha gli strumenti, in primis normativi, per incidere n\u00e9 sul costo del carburante n\u00e9 sul blocco delle accise e n\u00e9 sull\u2019abbattimento dell\u2019Iva, ma siamo pronti a sposare le rivendicazioni degli autotrasportatori e siamo al fianco del comparto per tutelare e salvaguardare l\u2019economia della Sardegna\u201d.&nbsp;Com<\/p>\n","protected":false},"excerpt":{"rendered":"<p>Cagliari, 16 Mar 2022 &#8211;\u00a0La Regione ha ribadito la propria vicinanza e sostegno al mondo degli autotrasportatori sardi che da luned\u00ec protesta contro l\u2019impennata del&#8230;<\/p>\n","protected":false},"author":2,"featured_media":218871,"comment_status":"closed","ping_status":"open","sticky":false,"template":"","format":"standard","meta":[],"categories":[49,52],"tags":[],"_links":{"self":[{"href":"https:\/\/www.cronacaonline.it\/index.php\/wp-json\/wp\/v2\/posts\/219102"}],"collection":[{"href":"https:\/\/www.cronacaonline.it\/index.php\/wp-json\/wp\/v2\/posts"}],"about":[{"href":"https:\/\/www.cronacaonline.it\/index.php\/wp-json\/wp\/v2\/types\/post"}],"author":[{"embeddable":true,"href":"https:\/\/www.cronacaonline.it\/index.php\/wp-json\/wp\/v2\/users\/2"}],"replies":[{"embeddable":true,"href":"https:\/\/www.cronacaonline.it\/index.php\/wp-json\/wp\/v2\/comments?post=219102"}],"version-history":[{"count":1,"href":"https:\/\/www.cronacaonline.it\/index.php\/wp-json\/wp\/v2\/posts\/219102\/revisions"}],"predecessor-version":[{"id":219103,"href":"https:\/\/www.cronacaonline.it\/index.php\/wp-json\/wp\/v2\/posts\/219102\/revisions\/219103"}],"wp:featuredmedia":[{"embeddable":true,"href":"https:\/\/www.cronacaonline.it\/index.php\/wp-json\/wp\/v2\/media\/218871"}],"wp:attachment":[{"href":"https:\/\/www.cronacaonline.it\/index.php\/wp-json\/wp\/v2\/media?parent=219102"}],"wp:term":[{"taxonomy":"category","embeddable":true,"href":"https:\/\/www.cronacaonline.it\/index.php\/wp-json\/wp\/v2\/categories?post=219102"},{"taxonomy":"post_tag","embeddable":true,"href":"https:\/\/www.cronacaonline.it\/index.php\/wp-json\/wp\/v2\/tags?post=219102"}],"curies":[{"name":"wp","href":"https:\/\/api.w.org\/{rel}","templated":true}]}}