{"id":219091,"date":"2022-03-16T15:53:30","date_gmt":"2022-03-16T14:53:30","guid":{"rendered":"https:\/\/www.cronacaonline.it\/?p=219091"},"modified":"2022-03-16T15:53:33","modified_gmt":"2022-03-16T14:53:33","slug":"progetto-einstein-telescope-in-iv-commissione-occasione-unica-per-la-sardegna-la-regione-pronta-a-investire-350-milioni-di-euro","status":"publish","type":"post","link":"https:\/\/www.cronacaonline.it\/index.php\/2022\/03\/16\/progetto-einstein-telescope-in-iv-commissione-occasione-unica-per-la-sardegna-la-regione-pronta-a-investire-350-milioni-di-euro\/","title":{"rendered":"Progetto Einstein Telescope in IV Commissione: \u201cOccasione unica per la Sardegna\u201d. La Regione pronta a investire 350 milioni di euro."},"content":{"rendered":"\n<p>Cagliari, 16 Mar 2022 - Oltre 4,5 miliardi di euro di investimenti, 36mila posti di lavoro in nove anni e prospettive di sviluppo economiche e sociali uniche: la Sardegna vuole fermamente che la Einstein Telescope (ET), la grande infrastruttura di ricerca, primo osservatorio al mondo di onde gravitazionali di terza generazione, venga realizzata nella zona delle miniere di Sos Enattos, che ricadono nel territorio di Lula e, in parte, in quello di Bitti e Onan\u00ec, unico sito italiano ad essere candidato ad ospitare il progetto ET. La Regione Sardegna, per supportare la candidatura italiana, ha preso un impegno formale con il Governo per stanziare 350 milioni di euro da aggiungere al finanziamento statale, che \u2013 secondo l\u2019assessore del Bilancio Giuseppe Fasolino \u2013 potrebbe essere di circa 1 miliardo. Una previsione che arriva dopo che l\u2019Esfri (European Strategy Forum for Research Infrastructure) ha inserito il progetto ET nella sua roadmap e, secondo gli esperti, questa \u00e8 una tappa fondamentale perch\u00e9 il Governo decida il finanziamento del progetto.<\/p>\n\n\n\n<p>\u00c8 quanto \u00e8 emerso oggi, in Quarta commissione, presieduta da Giuseppe Talanas (FI), che ha sentito in audizione l\u2019assessore Fasolino, il sindaco di Lula, Mario Calia, l\u2019ex direttore del Crp (Centro regionale di programmazione), Gianluca Cadeddu, e Pasquale Farina, dello staff dell\u2019Ufficio di Gabinetto dell\u2019Assessore Fasolino. \u201cL\u2019Einstein telescope \u00e8 una grande opportunit\u00e0 non solo per la ripartenza economica di quella zona, ma di tutta l\u2019Isola in generale\u201d, ha affermato Fasolino. \u201cDi questi 4,5 miliardi il 65-70% saranno di ricaduta regionale, circa 3 miliardi\u201d. I settori che saranno maggiormente coinvolti saranno quelli della filiera edilizia e meccanica, gli studi tecnici e ingegneristici, geologi, commercio, l\u2019ospitalit\u00e0 e la ristorazione. \u201cSe la valutazione dovesse essere meritocratica il sito di Lula sarebbe quello vincente\u201d, ha affermato Fasolino \u201cma sar\u00e0 molto importante il ruolo politico che l\u2019Italia sapr\u00e0 giocare a livello europeo per far s\u00ec che il nostro sito batta la concorrenza, in questo momento, olandese-tedesca, ma potrebbe esserci anche un altro nuovo sito tedesco\u201d. Fasolino ha inoltre evidenziato l\u2019importanza del progetto di ricerca europeo e mondiale con un impatto ambientale ottimale. Il sindaco di Lula ha ribadito che si tratta di un\u2019occasione unica da non perdere per lo sviluppo delle comunit\u00e0 dell\u2019interno e di tutta la Sardegna e ha esortato la Commissione, il Consiglio regionale e la Regione a combattere, uniti, per raggiungere questo importante traguardo. Ci si scontra contro un sito che ricade in parte in Olanda, in parte in Belgio e in parte in Germania. La valutazione, ha spiegato Gianluca Cadeddu, sar\u00e0 fatta su tre aspetti: scientifico, finanziario e politico. Dal punto di vista scientifico il sito di Sos Enattos \u00e8 il pi\u00f9 idoneo, bisogner\u00e0 lavorare sugli altri due aspetti. La scelta arriver\u00e0 entro settembre 2024, i lavori saranno avviati nel 2026 e dureranno nove anni, mentre l\u2019entrata in funzione \u00e8 prevista per il 2036.<\/p>\n\n\n\n<p>Il presidente Talanas ha ribadito l\u2019importanza del progetto e ha proposto alla Commissione di seguire in maniera permanente il progetto Einstein Telescope. Proposta accolta all\u2019unanimit\u00e0 da tutti i commissari. Nel corso della seduta sono intervenuti Pasquale Farina, Michele Cossa (Riformatori sardi), Giovanni Antonio Satta (Misto), Valter Piscedda (Pd), Roberto Li Gioi (M5S), Maria Laura Orr\u00f9 (Progressisti) e Michele Ennas (Lega). Tutti hanno ribadito l\u2019occasione unica per la Sardegna, pur parlando di \u201cuna sfida titanica\u201d e hanno evidenziato la necessit\u00e0 di coinvolgere il governo e tutto il mondo scientifico nazionale e internazionale e di potenziare l\u2019informazione e la comunicazione sul progetto. Il presidente Talanas ha concluso affermando che quello di oggi \u00e8 solo il primo di una serie di incontri e ha confermato l\u2019appoggio della Commissione al progetto. Com<\/p>\n","protected":false},"excerpt":{"rendered":"<p>Cagliari, 16 Mar 2022 &#8211; Oltre 4,5 miliardi di euro di investimenti, 36mila posti di lavoro in nove anni e prospettive di sviluppo economiche e&#8230;<\/p>\n","protected":false},"author":2,"featured_media":206988,"comment_status":"closed","ping_status":"open","sticky":false,"template":"","format":"standard","meta":[],"categories":[49,52],"tags":[],"_links":{"self":[{"href":"https:\/\/www.cronacaonline.it\/index.php\/wp-json\/wp\/v2\/posts\/219091"}],"collection":[{"href":"https:\/\/www.cronacaonline.it\/index.php\/wp-json\/wp\/v2\/posts"}],"about":[{"href":"https:\/\/www.cronacaonline.it\/index.php\/wp-json\/wp\/v2\/types\/post"}],"author":[{"embeddable":true,"href":"https:\/\/www.cronacaonline.it\/index.php\/wp-json\/wp\/v2\/users\/2"}],"replies":[{"embeddable":true,"href":"https:\/\/www.cronacaonline.it\/index.php\/wp-json\/wp\/v2\/comments?post=219091"}],"version-history":[{"count":1,"href":"https:\/\/www.cronacaonline.it\/index.php\/wp-json\/wp\/v2\/posts\/219091\/revisions"}],"predecessor-version":[{"id":219092,"href":"https:\/\/www.cronacaonline.it\/index.php\/wp-json\/wp\/v2\/posts\/219091\/revisions\/219092"}],"wp:featuredmedia":[{"embeddable":true,"href":"https:\/\/www.cronacaonline.it\/index.php\/wp-json\/wp\/v2\/media\/206988"}],"wp:attachment":[{"href":"https:\/\/www.cronacaonline.it\/index.php\/wp-json\/wp\/v2\/media?parent=219091"}],"wp:term":[{"taxonomy":"category","embeddable":true,"href":"https:\/\/www.cronacaonline.it\/index.php\/wp-json\/wp\/v2\/categories?post=219091"},{"taxonomy":"post_tag","embeddable":true,"href":"https:\/\/www.cronacaonline.it\/index.php\/wp-json\/wp\/v2\/tags?post=219091"}],"curies":[{"name":"wp","href":"https:\/\/api.w.org\/{rel}","templated":true}]}}