{"id":219081,"date":"2022-03-16T11:20:24","date_gmt":"2022-03-16T10:20:24","guid":{"rendered":"https:\/\/www.cronacaonline.it\/?p=219081"},"modified":"2022-03-16T11:20:27","modified_gmt":"2022-03-16T10:20:27","slug":"consiglio-sardegna-quinta-commissione-audizioni-su-proposte-di-legge-per-lagricoltura","status":"publish","type":"post","link":"https:\/\/www.cronacaonline.it\/index.php\/2022\/03\/16\/consiglio-sardegna-quinta-commissione-audizioni-su-proposte-di-legge-per-lagricoltura\/","title":{"rendered":"Consiglio Sardegna \u2013 Quinta Commissione, audizioni su proposte di legge per l\u2019Agricoltura."},"content":{"rendered":"\n<p>Cagliari 16 Mar 2022. La commissione Attivit\u00e0 produttive, presieduta da Piero Maieli (Psd\u2019Az), alla presenza dei rappresentanti di Coldiretti, Confagricoltura, Copagri e del direttore generale dell\u2019assessorato dell\u2019Agricoltura, ha esaminato una serie di proposte di legge per la valorizzazione, la salvaguardia e la tutela delle produzioni isolane.<\/p>\n\n\n\n<p>Il consigliere di Forza Italia, Giuseppe Talanas, ha illustrato l\u2019iniziativa legislativa che propone il varo di una serie di interventi urgenti, a favore delle piccole e medie imprese che operano nei comparti agricoltura, artigianato e commercio, per fronteggiare l\u2019aumento dei costi e soprattutto quello del trasporto delle merci. In sostanza la Pl 133, con una dotazione finanziaria di 3 milioni annui, punta a riconoscere un contributo a fondo perduto per le spese di trasporto pari a 200 euro per viaggio, con importo annuo per azienda, fissato in mille euro. La proposta ha registrato il favore pressoch\u00e9 unanime degli intervenuti e sar\u00e0 discussa con maggiori approfondimenti gi\u00e0 nelle prossime sedute, con l\u2019intervento dei rappresentanti delle rispettive associazioni di categoria e dei cosiddetti portatori di interesse.<\/p>\n\n\n\n<p>Giudizio sostanzialmente positivo \u00e8 stato espresso da Luca Saba (Coldiretti), Piero Tandeddu (Copagri) e Sio Bonne (Confagricoltura) riguardo alla proposta di legge 295 (primo firmatario il capogruppo Psd\u2019Az, Mula) finalizzata alla valorizzazione del mandorlo sardo. Le sottolineature, formulate anche dal direttore dell\u2019assessorato dell\u2019Agricoltura, Agostino Curreli, hanno riguardato principalmente l\u2019interpretazione delle diciture riferibili alle variet\u00e0 tradizionali presenti in Sardegna che, a giudizio degli intervenuti, non devono essere intese come riferimento esclusivo alla variet\u00e0 del mandorlo sardo. Infatti la specie tipicamente sarda ha una minore \u201cresa\u201d rispetto ad altre cultivar gi\u00e0 presenti nel territorio ed ha una fioritura anticipata (gennaio) rispetto alle altre specie (marzo), con ovvie conseguenze sul raccolto a causa delle gelate invernali.<\/p>\n\n\n\n<p>Anche la proposta di legge per la disciplina dell\u2019oleoturismo (Pl n. 305, Maieli -Psd\u2019Az&nbsp;e pi\u00f9) ha registrato la sostanziale condivisione delle organizzazioni agricole, sebbene non siano mancati i rilievi riguardo ad un pi\u00f9 stringente riferimento alla normativa Statale che gi\u00e0 nelle legge di Stabilit\u00e0 del 2000 e pi\u00f9 di recente, il 26 gennaio 2022, con un apposito decreto ministeriale, ha in pratica equiparato le attivit\u00e0 dell\u2019oleoturismo a quelle dell\u2019enoturismo. Coldiretti, Copagri, Confagricoltura e il direttore dell\u2019assessorato hanno inoltre suggerito, insieme con lo stanziamento di nuove risorse per rafforzare il turismo agro gastronomico, anche la limitazione dell\u2019attivit\u00e0 oleoturistica agli imprenditori agricoli.<\/p>\n\n\n\n<p>Con il contributo anche degli esperti (Bruno Scanu, ricercatore all\u2019Universit\u00e0 di Sassari; Pietro Murgia, micologo Asl Sassari; Renato Brotzu, micologo del gruppo micologico nuorese e Alberto Mua, presidente dell\u2019associazione micologica Bresadola) le associazioni del mondo agricolo hanno salutato con favore la proposta di legge per la disciplina della raccolta, tutela, valorizzazione e commercializzazione dei funghi (Pl. 170, Sechi - Udc e pi\u00f9). La Sardegna \u2013 hanno evidenziato tutti gli intervenuti \u2013 \u00e8 l\u2019ultima Regione in Italia a dotarsi di norme adeguate per limitare i quantitativi di raccolta e a salvaguardare ambiente e foreste dalle razzie e dai danneggiamenti. Particolare attenzione \u00e8 stata riservata anche agli aspetti legati alla prevenzione delle intossicazioni attraverso un\u2019apposita formazione, da rivolgere sia ai raccoglitori amatoriali che a quelli professionali. Grazie anche al contributo nel dibattito, dei consiglieri Andrea Piras (Lega), Giovanni Antonio Satta (Misto) e Salvatore Corrias (Pd), \u00e8 stata inoltre rimarcata la necessit\u00e0 di definire con chiarezza gli aspetti legati ai cosiddetti usi civici.<\/p>\n\n\n\n<p>A margine dei lavori della commissione, il presidente Maieli ha preannunciato la convocazione in audizione della commissaria di Argea, Patrizia Mattioni, riguardo all\u2019indizione del concorso rivolto agli agronomi. \u00abC\u2019\u00e8 una graduatoria gi\u00e0 pronta in Laore \u2013 ha dichiarato Piero Maieli \u2013 e non trovo opportuno che si utilizzino risorse regionali per espletare altre selezioni, senza aver prima completato la chiamata al lavoro degli idonei del concorso recentemente indetto e concluso da Laore\u00bb.&nbsp;Com<\/p>\n","protected":false},"excerpt":{"rendered":"<p>Cagliari 16 Mar 2022. La commissione Attivit\u00e0 produttive, presieduta da Piero Maieli (Psd\u2019Az), alla presenza dei rappresentanti di Coldiretti, Confagricoltura, Copagri e del direttore generale&#8230;<\/p>\n","protected":false},"author":2,"featured_media":192513,"comment_status":"closed","ping_status":"open","sticky":false,"template":"","format":"standard","meta":[],"categories":[49,52],"tags":[],"_links":{"self":[{"href":"https:\/\/www.cronacaonline.it\/index.php\/wp-json\/wp\/v2\/posts\/219081"}],"collection":[{"href":"https:\/\/www.cronacaonline.it\/index.php\/wp-json\/wp\/v2\/posts"}],"about":[{"href":"https:\/\/www.cronacaonline.it\/index.php\/wp-json\/wp\/v2\/types\/post"}],"author":[{"embeddable":true,"href":"https:\/\/www.cronacaonline.it\/index.php\/wp-json\/wp\/v2\/users\/2"}],"replies":[{"embeddable":true,"href":"https:\/\/www.cronacaonline.it\/index.php\/wp-json\/wp\/v2\/comments?post=219081"}],"version-history":[{"count":1,"href":"https:\/\/www.cronacaonline.it\/index.php\/wp-json\/wp\/v2\/posts\/219081\/revisions"}],"predecessor-version":[{"id":219082,"href":"https:\/\/www.cronacaonline.it\/index.php\/wp-json\/wp\/v2\/posts\/219081\/revisions\/219082"}],"wp:featuredmedia":[{"embeddable":true,"href":"https:\/\/www.cronacaonline.it\/index.php\/wp-json\/wp\/v2\/media\/192513"}],"wp:attachment":[{"href":"https:\/\/www.cronacaonline.it\/index.php\/wp-json\/wp\/v2\/media?parent=219081"}],"wp:term":[{"taxonomy":"category","embeddable":true,"href":"https:\/\/www.cronacaonline.it\/index.php\/wp-json\/wp\/v2\/categories?post=219081"},{"taxonomy":"post_tag","embeddable":true,"href":"https:\/\/www.cronacaonline.it\/index.php\/wp-json\/wp\/v2\/tags?post=219081"}],"curies":[{"name":"wp","href":"https:\/\/api.w.org\/{rel}","templated":true}]}}