{"id":219033,"date":"2022-03-15T12:52:18","date_gmt":"2022-03-15T11:52:18","guid":{"rendered":"https:\/\/www.cronacaonline.it\/?p=219033"},"modified":"2022-03-15T12:52:21","modified_gmt":"2022-03-15T11:52:21","slug":"regione-il-presidente-della-regione-sardegna-il-contratto-integrativo-sulle-progressioni-permettera-un-compiuto-riconoscimento-delle-professionalita-del-personale","status":"publish","type":"post","link":"https:\/\/www.cronacaonline.it\/index.php\/2022\/03\/15\/regione-il-presidente-della-regione-sardegna-il-contratto-integrativo-sulle-progressioni-permettera-un-compiuto-riconoscimento-delle-professionalita-del-personale\/","title":{"rendered":"Regione, il presidente della Regione Sardegna: \u2018il contratto integrativo sulle progressioni permetter\u00e0 un compiuto riconoscimento delle professionalit\u00e0 del personale\u2019."},"content":{"rendered":"\n<p>Cagliari, 15 Mar 2022\u00a0\u2013 \u201cDopo quasi quattro anni dall'ultimo accordo, era un provvedimento atteso all\u2019interno del sistema Regione. Un nuovo traguardo raggiunto, che, in un triennio, riguarder\u00e0 oltre 4.000 dipendenti, tra personale dell'Amministrazione regionale e agenzie e che permetter\u00e0 un compiuto riconoscimento delle professionalit\u00e0 del personale, con l\u2019obiettivo di offrire ai cittadini pi\u00f9 efficienza e servizi migliori\u201d.\u00a0Lo afferma in una nota il presidente della Regione Solinas, commentando\u00a0la stipula con le organizzazioni sindacali del nuovo contratto integrativo sulle progressioni del personale dell\u2019Amministrazione regionale.<\/p>\n\n\n\n<p>\u201cLe agenzie agricole Laore, Argea e Agris hanno gi\u00e0 intrapreso la procedura per le progressioni \u2013 ha aggiunto l\u2019assessore regionale del Personale, Valeria Satta \u2013 mentre&nbsp;oggi \u00e8 stato pubblicato sul sito della Regione il bando per le progressioni del personale dipendente dall'Amministrazione centrale\u201d. Com<\/p>\n","protected":false},"excerpt":{"rendered":"<p>Cagliari, 15 Mar 2022\u00a0\u2013 \u201cDopo quasi quattro anni dall&#8217;ultimo accordo, era un provvedimento atteso all\u2019interno del sistema Regione. Un nuovo traguardo raggiunto, che, in un&#8230;<\/p>\n","protected":false},"author":2,"featured_media":212799,"comment_status":"closed","ping_status":"open","sticky":false,"template":"","format":"standard","meta":[],"categories":[49,52],"tags":[],"_links":{"self":[{"href":"https:\/\/www.cronacaonline.it\/index.php\/wp-json\/wp\/v2\/posts\/219033"}],"collection":[{"href":"https:\/\/www.cronacaonline.it\/index.php\/wp-json\/wp\/v2\/posts"}],"about":[{"href":"https:\/\/www.cronacaonline.it\/index.php\/wp-json\/wp\/v2\/types\/post"}],"author":[{"embeddable":true,"href":"https:\/\/www.cronacaonline.it\/index.php\/wp-json\/wp\/v2\/users\/2"}],"replies":[{"embeddable":true,"href":"https:\/\/www.cronacaonline.it\/index.php\/wp-json\/wp\/v2\/comments?post=219033"}],"version-history":[{"count":1,"href":"https:\/\/www.cronacaonline.it\/index.php\/wp-json\/wp\/v2\/posts\/219033\/revisions"}],"predecessor-version":[{"id":219034,"href":"https:\/\/www.cronacaonline.it\/index.php\/wp-json\/wp\/v2\/posts\/219033\/revisions\/219034"}],"wp:featuredmedia":[{"embeddable":true,"href":"https:\/\/www.cronacaonline.it\/index.php\/wp-json\/wp\/v2\/media\/212799"}],"wp:attachment":[{"href":"https:\/\/www.cronacaonline.it\/index.php\/wp-json\/wp\/v2\/media?parent=219033"}],"wp:term":[{"taxonomy":"category","embeddable":true,"href":"https:\/\/www.cronacaonline.it\/index.php\/wp-json\/wp\/v2\/categories?post=219033"},{"taxonomy":"post_tag","embeddable":true,"href":"https:\/\/www.cronacaonline.it\/index.php\/wp-json\/wp\/v2\/tags?post=219033"}],"curies":[{"name":"wp","href":"https:\/\/api.w.org\/{rel}","templated":true}]}}