{"id":219029,"date":"2022-03-15T12:50:12","date_gmt":"2022-03-15T11:50:12","guid":{"rendered":"https:\/\/www.cronacaonline.it\/?p=219029"},"modified":"2022-03-15T12:50:18","modified_gmt":"2022-03-15T11:50:18","slug":"oristano-consegnati-42-immobili-area-assessore-salaris-oltre-17-milioni-di-euro-gia-destinati-alle-manutenzioni-degli-alloggi-popolari-sardi","status":"publish","type":"post","link":"https:\/\/www.cronacaonline.it\/index.php\/2022\/03\/15\/oristano-consegnati-42-immobili-area-assessore-salaris-oltre-17-milioni-di-euro-gia-destinati-alle-manutenzioni-degli-alloggi-popolari-sardi\/","title":{"rendered":"Oristano, consegnati 42 immobili area. Assessore Salaris: oltre 17 milioni di euro gi\u00e0 destinati alle manutenzioni degli alloggi popolari sardi."},"content":{"rendered":"\n<p>Cagliari, 15 Mar 2022 \u2013\u00a0Sono state consegnate questa mattina, alla presenza dell\u2019Assessore dei Lavori Pubblici, Aldo Salaris, le chiavi di 42 alloggi di propriet\u00e0 di Area ad altrettante famiglie oristanesi.<\/p>\n\n\n\n<p>\u201cLa casa rappresenta la base di partenza per costruire il proprio futuro. La consegna di 42 alloggi di viale Indipendenza nel quartiere Sacro Cuore di Oristano \u00e8 motivo di gioia e soddisfazione perch\u00e9 \u00e8 un atto concreto che va incidere sul disagio abitativo ed economico. Le politiche sulla casa sono una componente fondamentale dell\u2019azione della Regione, che con misure dedicate e massima attenzione all\u2019edilizia abitativa \u00e8 impegnata nella formazione di un sistema pi\u00f9 equo, attento alle esigenze delle famiglie pi\u00f9 fragili e orientato alla dignit\u00e0 delle persone\u201d, afferma in una nota l\u2019Assessore Salaris nel corso della cerimonia di assegnazione degli appartamenti, alla presenza dei Rappresentanti del Comune e di Area. La conclusione dei lavori sugli immobili \u00e8 avvenuta nel corso della Legislatura, con una importante accelerazione che ha portato nel 2020 alla certificazione della fine dei lavori nelle opere principali. Nei primi mesi dell\u2019anno \u00e8 stata poi dichiarata l\u2019agibilit\u00e0. \u201cContinua l\u2019imponente attivit\u00e0 di sostegno alle famiglie \u2013 ha proseguito l\u2019Assessore Aldo Salaris - Da una parte andiamo a sostenere le fasce pi\u00f9 deboli della popolazione accrescendo l\u2019offerta e dall\u2019altra, con interventi diretti che stanno interessando diversi centri abitativi, in questo momento di enorme difficolt\u00e0, creiamo sviluppo e rimettiamo in moto l\u2019economia attraverso l'edilizia residenziale pubblica\u201d.<\/p>\n\n\n\n<figure class=\"wp-block-image size-full is-resized\"><img loading=\"lazy\" src=\"https:\/\/www.cronacaonline.it\/wp-content\/uploads\/2022\/03\/Area-immobili.jpg\" alt=\"\" class=\"wp-image-219031\" width=\"731\" height=\"487\" srcset=\"https:\/\/www.cronacaonline.it\/wp-content\/uploads\/2022\/03\/Area-immobili.jpg 600w, https:\/\/www.cronacaonline.it\/wp-content\/uploads\/2022\/03\/Area-immobili-300x200.jpg 300w\" sizes=\"(max-width: 731px) 100vw, 731px\" \/><\/figure>\n\n\n\n<p>L\u2019accesso alla casa e il miglioramento delle condizioni abitative delle fasce pi\u00f9 deboli della popolazione restano al centro dell\u2019azione della Regione: \u201cIl disagio abitativo che interessa le fasce di popolazione maggiormente esposte alla crisi \u00e8 una delle piaghe sociali pi\u00f9 diffuse \u2013 ha aggiunto il Presidente della Regione Christian Solinas - Dare una risposta in questo senso, assegnando nuovi alloggi, \u00e8 un segno di attenzione concreto teso a mitigare gli effetti della crisi economica generata dalla pandemia che con ogni mezzo e strumento a nostra disposizione stiamo ancora cercando di arginare. La possibilit\u00e0 di avere una casa e la qualit\u00e0 dell\u2019abitare sono un diritto che riconosciamo e sosteniamo\u201d, ha concluso il Presidente ricordando l\u2019imponente piano di edilizia popolare messo in campo dalla Regione che fino a oggi ha destinato oltre 17 milioni di euro alle manutenzioni degli alloggi esistenti (di cui 4 in arrivo con le risorse del PNRR) mentre \u00e8 attivo il piano di recupero del patrimonio con Superbonus ed \u00e8 in corso di pianificazione il piano per la realizzazione di nuovi alloggi che la Giunta approver\u00e0 a breve.<\/p>\n\n\n\n<p>Gli appartamenti di Oristano sono dotati di impianto fotovoltaico condominiale per la produzione di energia elettrica, ciascun alloggio \u00e8 anche dotato di impianto singolo per la produzione di acqua calda sanitaria da energia solare, impianti di climatizzazione e, in termini di sostenibilit\u00e0, gli edifici sono dotati di un impianto di raccolta delle acque meteoriche da destinare alle aree verdi circostanti. Il finanziamento complessivo (compresa la demolizione dei vecchi immobili e la ricostruzione, con la creazione dell\u2019autorimessa al piano interrato) sui due edifici che ospitano gli appartamenti \u00e8 di circa 4 milioni e mezzo. Altri 400mila euro gi\u00e0 stanziati serviranno per completare gli impianti al servizio dell\u2019autorimessa e a metterla in esercizio. Com<\/p>\n","protected":false},"excerpt":{"rendered":"<p>Cagliari, 15 Mar 2022 \u2013\u00a0Sono state consegnate questa mattina, alla presenza dell\u2019Assessore dei Lavori Pubblici, Aldo Salaris, le chiavi di 42 alloggi di propriet\u00e0 di&#8230;<\/p>\n","protected":false},"author":2,"featured_media":219030,"comment_status":"closed","ping_status":"open","sticky":false,"template":"","format":"standard","meta":[],"categories":[49,52],"tags":[],"_links":{"self":[{"href":"https:\/\/www.cronacaonline.it\/index.php\/wp-json\/wp\/v2\/posts\/219029"}],"collection":[{"href":"https:\/\/www.cronacaonline.it\/index.php\/wp-json\/wp\/v2\/posts"}],"about":[{"href":"https:\/\/www.cronacaonline.it\/index.php\/wp-json\/wp\/v2\/types\/post"}],"author":[{"embeddable":true,"href":"https:\/\/www.cronacaonline.it\/index.php\/wp-json\/wp\/v2\/users\/2"}],"replies":[{"embeddable":true,"href":"https:\/\/www.cronacaonline.it\/index.php\/wp-json\/wp\/v2\/comments?post=219029"}],"version-history":[{"count":1,"href":"https:\/\/www.cronacaonline.it\/index.php\/wp-json\/wp\/v2\/posts\/219029\/revisions"}],"predecessor-version":[{"id":219032,"href":"https:\/\/www.cronacaonline.it\/index.php\/wp-json\/wp\/v2\/posts\/219029\/revisions\/219032"}],"wp:featuredmedia":[{"embeddable":true,"href":"https:\/\/www.cronacaonline.it\/index.php\/wp-json\/wp\/v2\/media\/219030"}],"wp:attachment":[{"href":"https:\/\/www.cronacaonline.it\/index.php\/wp-json\/wp\/v2\/media?parent=219029"}],"wp:term":[{"taxonomy":"category","embeddable":true,"href":"https:\/\/www.cronacaonline.it\/index.php\/wp-json\/wp\/v2\/categories?post=219029"},{"taxonomy":"post_tag","embeddable":true,"href":"https:\/\/www.cronacaonline.it\/index.php\/wp-json\/wp\/v2\/tags?post=219029"}],"curies":[{"name":"wp","href":"https:\/\/api.w.org\/{rel}","templated":true}]}}