{"id":219004,"date":"2022-03-14T17:03:03","date_gmt":"2022-03-14T16:03:03","guid":{"rendered":"https:\/\/www.cronacaonline.it\/?p=219004"},"modified":"2022-03-14T17:03:05","modified_gmt":"2022-03-14T16:03:05","slug":"autotrasportatori-assessori-zedda-e-todde-pieno-sostegno-dalla-regione","status":"publish","type":"post","link":"https:\/\/www.cronacaonline.it\/index.php\/2022\/03\/14\/autotrasportatori-assessori-zedda-e-todde-pieno-sostegno-dalla-regione\/","title":{"rendered":"Autotrasportatori, assessori Zedda e Todde: \u201cpieno sostegno dalla regione\u201d."},"content":{"rendered":"\n<p>Cagliari, 14 Mar 2022 \u2013\u00a0La Regione Sardegna \u00e8 vicina al mondo degli autotrasportatori, in stato di agitazione per il caro-benzina, ed \u00e8 pronta a sostenere la loro battaglia.<\/p>\n\n\n\n<p>\u201cAbbiamo confermato agli autotrasportatori che saremo al loro fianco per sollecitare una risposta immediata da parte del Governo e per rivendicare le richieste che domani porteranno al tavolo della viceministra delle Infrastrutture e della Mobilit\u00e0 sostenibile, Teresa Bellanova. La Regione \u00e8 al fianco del mondo degli autotrasportatori ma non pu\u00f2 intervenire con strumenti propri senza che sia il Governo centrale a pronunciarsi e a trovare le soluzioni pi\u00f9 opportune\u201d.<\/p>\n\n\n\n<p>Lo affermano in una nota gli Assessori del Lavoro, Alessandra Zedda, e dei Trasporti, Giorgio Todde, alla delegazione di autotrasportatori che stamani, in accordo con il Questore di Cagliari, \u00e8 stata ricevuta nella sede dell\u2019Assessorato del Lavoro.<\/p>\n\n\n\n<p>\u201cAbbiamo voluto dare un messaggio di vicinanza e sostegno, faremo il possibile affinch\u00e9 le richieste degli autotrasportatori possano essere accolte. L\u2019auspicio \u00e8 che gi\u00e0 domani nel corso del tavolo tecnico che si riunisce per esaminare le problematiche del settore a livello nazionale, possano arrivare risposte concrete a salvaguardia di un comparto che, specie inconsiderazione delle peculiarit\u00e0 della Sardegna, \u00e8 fondamentale strategico\u201d, hanno concluso i due esponenti della Giunta della Sardegna. Com<\/p>\n","protected":false},"excerpt":{"rendered":"<p>Cagliari, 14 Mar 2022 \u2013\u00a0La Regione Sardegna \u00e8 vicina al mondo degli autotrasportatori, in stato di agitazione per il caro-benzina, ed \u00e8 pronta a sostenere&#8230;<\/p>\n","protected":false},"author":2,"featured_media":216421,"comment_status":"closed","ping_status":"open","sticky":false,"template":"","format":"standard","meta":[],"categories":[49,52],"tags":[],"_links":{"self":[{"href":"https:\/\/www.cronacaonline.it\/index.php\/wp-json\/wp\/v2\/posts\/219004"}],"collection":[{"href":"https:\/\/www.cronacaonline.it\/index.php\/wp-json\/wp\/v2\/posts"}],"about":[{"href":"https:\/\/www.cronacaonline.it\/index.php\/wp-json\/wp\/v2\/types\/post"}],"author":[{"embeddable":true,"href":"https:\/\/www.cronacaonline.it\/index.php\/wp-json\/wp\/v2\/users\/2"}],"replies":[{"embeddable":true,"href":"https:\/\/www.cronacaonline.it\/index.php\/wp-json\/wp\/v2\/comments?post=219004"}],"version-history":[{"count":1,"href":"https:\/\/www.cronacaonline.it\/index.php\/wp-json\/wp\/v2\/posts\/219004\/revisions"}],"predecessor-version":[{"id":219005,"href":"https:\/\/www.cronacaonline.it\/index.php\/wp-json\/wp\/v2\/posts\/219004\/revisions\/219005"}],"wp:featuredmedia":[{"embeddable":true,"href":"https:\/\/www.cronacaonline.it\/index.php\/wp-json\/wp\/v2\/media\/216421"}],"wp:attachment":[{"href":"https:\/\/www.cronacaonline.it\/index.php\/wp-json\/wp\/v2\/media?parent=219004"}],"wp:term":[{"taxonomy":"category","embeddable":true,"href":"https:\/\/www.cronacaonline.it\/index.php\/wp-json\/wp\/v2\/categories?post=219004"},{"taxonomy":"post_tag","embeddable":true,"href":"https:\/\/www.cronacaonline.it\/index.php\/wp-json\/wp\/v2\/tags?post=219004"}],"curies":[{"name":"wp","href":"https:\/\/api.w.org\/{rel}","templated":true}]}}