{"id":218998,"date":"2022-03-14T16:38:41","date_gmt":"2022-03-14T15:38:41","guid":{"rendered":"https:\/\/www.cronacaonline.it\/?p=218998"},"modified":"2022-03-14T16:38:43","modified_gmt":"2022-03-14T15:38:43","slug":"pinna-pd-quale-e-lo-stato-attuale-delle-cure-con-anticorpi-monoclonali-in-sardegna","status":"publish","type":"post","link":"https:\/\/www.cronacaonline.it\/index.php\/2022\/03\/14\/pinna-pd-quale-e-lo-stato-attuale-delle-cure-con-anticorpi-monoclonali-in-sardegna\/","title":{"rendered":"Pinna, Pd: Quale \u00e8 lo stato attuale delle cure con anticorpi monoclonali in Sardegna?"},"content":{"rendered":"\n<p>Cagliari, 14 Mar 2022 \u2013 In comunicato la consigliera regionale della Sardegna del Partito Democratico, Rossella Pinna e il Gruppo PD, chiedono con una interrogazione chiarimenti in merito allo stato dell\u2019arte, nell\u2019Isola, delle terapie anti covid_19 con gli anticorpi monoclonali. L\u2019attivazione delle cure con i farmaci monoclonali \u00e8 particolarmente indicata per prevenire forme pi\u00f9 gravi della malattia nelle fasi precoci in tutti quei soggetti che presentano uno o pi\u00f9 fattori di rischio, come nel caso dei pazienti oncologici, diabetici, ipertesi o trapiantati.<\/p>\n\n\n\n<p>Come alcuni ricorderanno, il 25 gennaio scorso, l\u2019assessorato dell\u2019Igiene e della sanit\u00e0 e delle politiche sociali, aveva comunicato l\u2019individuazione di 11 strutture sarde, una per ciascuna ASL e una a testa per AOB e per le Aou.<\/p>\n\n\n\n<p>Preoccupano le segnalazioni pervenute rispetto a criticit\u00e0 nella somministrazione delle terapie in alcune strutture sarde gi\u00e0 individuate e in particolare ad Oristano. L\u2019interrogazione prende le mosse dalla denuncia di un paziente di 81 anni, nefropatico positivo al Covid 19, con indicazione di terapia monoclonale che si sarebbe visto negare la possibilit\u00e0 di effettuare la terapia al San Martino in quanto la ASL di Oristano non sarebbe in grado di garantire il trattamento. Al paziente non avrebbe nemmeno assicurato il trasporto dedicato e pertanto l\u2019anziano paziente, per potersi curare, avrebbe dovuto utilizzare mezzi propri o noleggiare di ambulanza equipaggiata per trasporto positivi con una spesa a proprio carico stimata in 300 euro.<\/p>\n\n\n\n<p>&nbsp;\u201cVa da s\u00e9 \u2013 conclude la nota della consigliera - che se confermata la vicenda sarebbe grave considerato che molto \u00e8 stato investito per garantire le terapie con anticorpi monoclonali soprattutto ai pazienti pi\u00f9 a rischio di aggravamento della sintomatologia da contagio di covid_19. Da qui la nostra sollecitazione all\u2019assessore e alla giunta per un monitoraggio attento e puntuale della situazione a garanzia e tutela dell\u2019opportunit\u00e0 di cura per i pazienti pi\u00f9 a rischio. Com<\/p>\n","protected":false},"excerpt":{"rendered":"<p>Cagliari, 14 Mar 2022 \u2013 In comunicato la consigliera regionale della Sardegna del Partito Democratico, Rossella Pinna e il Gruppo PD, chiedono con una interrogazione&#8230;<\/p>\n","protected":false},"author":2,"featured_media":125893,"comment_status":"closed","ping_status":"open","sticky":false,"template":"","format":"standard","meta":[],"categories":[49,52],"tags":[],"_links":{"self":[{"href":"https:\/\/www.cronacaonline.it\/index.php\/wp-json\/wp\/v2\/posts\/218998"}],"collection":[{"href":"https:\/\/www.cronacaonline.it\/index.php\/wp-json\/wp\/v2\/posts"}],"about":[{"href":"https:\/\/www.cronacaonline.it\/index.php\/wp-json\/wp\/v2\/types\/post"}],"author":[{"embeddable":true,"href":"https:\/\/www.cronacaonline.it\/index.php\/wp-json\/wp\/v2\/users\/2"}],"replies":[{"embeddable":true,"href":"https:\/\/www.cronacaonline.it\/index.php\/wp-json\/wp\/v2\/comments?post=218998"}],"version-history":[{"count":1,"href":"https:\/\/www.cronacaonline.it\/index.php\/wp-json\/wp\/v2\/posts\/218998\/revisions"}],"predecessor-version":[{"id":218999,"href":"https:\/\/www.cronacaonline.it\/index.php\/wp-json\/wp\/v2\/posts\/218998\/revisions\/218999"}],"wp:featuredmedia":[{"embeddable":true,"href":"https:\/\/www.cronacaonline.it\/index.php\/wp-json\/wp\/v2\/media\/125893"}],"wp:attachment":[{"href":"https:\/\/www.cronacaonline.it\/index.php\/wp-json\/wp\/v2\/media?parent=218998"}],"wp:term":[{"taxonomy":"category","embeddable":true,"href":"https:\/\/www.cronacaonline.it\/index.php\/wp-json\/wp\/v2\/categories?post=218998"},{"taxonomy":"post_tag","embeddable":true,"href":"https:\/\/www.cronacaonline.it\/index.php\/wp-json\/wp\/v2\/tags?post=218998"}],"curies":[{"name":"wp","href":"https:\/\/api.w.org\/{rel}","templated":true}]}}