{"id":218993,"date":"2022-03-14T15:54:17","date_gmt":"2022-03-14T14:54:17","guid":{"rendered":"https:\/\/www.cronacaonline.it\/?p=218993"},"modified":"2022-03-14T15:54:19","modified_gmt":"2022-03-14T14:54:19","slug":"autotrasporto-vicinanza-di-romina-mura-pd-ai-lavoratori-condivido-protesta-civile-in-sardegna-la-deputata-sarda-a-presidio-cagliari-e-incontra-confartigianato","status":"publish","type":"post","link":"https:\/\/www.cronacaonline.it\/index.php\/2022\/03\/14\/autotrasporto-vicinanza-di-romina-mura-pd-ai-lavoratori-condivido-protesta-civile-in-sardegna-la-deputata-sarda-a-presidio-cagliari-e-incontra-confartigianato\/","title":{"rendered":"Autotrasporto: vicinanza di Romina Mura Pd, ai lavoratori: condivido protesta civile in Sardegna. La deputata sarda a presidio Cagliari e incontra Confartigianato."},"content":{"rendered":"\n<p>Cagliari, 14 Mar 2022 - \u201cAl porto di Cagliari ho visto contro il caro carburante un presidio di protesta civile e pacifica, che chiede di portare le ragioni degli autotrasportatori all\u2019attenzione delle istituzioni e del Paese. Sono richieste condivisibili per le quali rinnovo il mio appello al Governo affinch\u00e9 se ne faccia carico immediatamente e su cui anche la Regione Sardegna dovrebbe intervenire a supporto. Preoccupazioni condivise anche con Confartigianato, che si aspetta segnali chiari dall\u2019Esecutivo, tra cui opportuna l\u2019estensione del credito di imposta previsto nel dl Energia\u201d. Lo dichiara la presidente della commissione Lavoro della Camera Romina Mura (Pd), che oggi ha incontrato gli autotrasportatori in presidio al porto di Cagliari contro il caro carburanti e successivamente rappresentanti di Confartigianato<\/p>\n\n\n\n<p>\u201cIn Sardegna fare l\u2019autotrasportatore \u00e8 ancora pi\u00f9 difficile che nel resto del Paese perch\u00e9 \u2013 spiega in una nota la parlamentare - al caro carburante della terraferma si aggiungono gli aumenti delle tariffe dei traghetti, con punte di 100 euro in pi\u00f9 sulla tratta Cagliari\u2013Livorno. In sostanza il gasolio non pu\u00f2 continuare ad aumentare ai ritmi di questi giorni: \u00e8 impensabile per tutti ma soprattutto per chi lo adopera per lavorare, al punto che l\u2019alternativa \u00e8 restare fermi\u201d. Ribadendo che \u201coggi il tema \u00e8 l\u2019intervento immediato sui rincari\u201d, Mura ha assicurato che \u201cnei prossimi giorni continueremo questa battaglia che interessa tutti\u201d. Red<\/p>\n","protected":false},"excerpt":{"rendered":"<p>Cagliari, 14 Mar 2022 &#8211; \u201cAl porto di Cagliari ho visto contro il caro carburante un presidio di protesta civile e pacifica, che chiede di&#8230;<\/p>\n","protected":false},"author":2,"featured_media":218994,"comment_status":"closed","ping_status":"open","sticky":false,"template":"","format":"standard","meta":[],"categories":[49,52],"tags":[],"_links":{"self":[{"href":"https:\/\/www.cronacaonline.it\/index.php\/wp-json\/wp\/v2\/posts\/218993"}],"collection":[{"href":"https:\/\/www.cronacaonline.it\/index.php\/wp-json\/wp\/v2\/posts"}],"about":[{"href":"https:\/\/www.cronacaonline.it\/index.php\/wp-json\/wp\/v2\/types\/post"}],"author":[{"embeddable":true,"href":"https:\/\/www.cronacaonline.it\/index.php\/wp-json\/wp\/v2\/users\/2"}],"replies":[{"embeddable":true,"href":"https:\/\/www.cronacaonline.it\/index.php\/wp-json\/wp\/v2\/comments?post=218993"}],"version-history":[{"count":1,"href":"https:\/\/www.cronacaonline.it\/index.php\/wp-json\/wp\/v2\/posts\/218993\/revisions"}],"predecessor-version":[{"id":218995,"href":"https:\/\/www.cronacaonline.it\/index.php\/wp-json\/wp\/v2\/posts\/218993\/revisions\/218995"}],"wp:featuredmedia":[{"embeddable":true,"href":"https:\/\/www.cronacaonline.it\/index.php\/wp-json\/wp\/v2\/media\/218994"}],"wp:attachment":[{"href":"https:\/\/www.cronacaonline.it\/index.php\/wp-json\/wp\/v2\/media?parent=218993"}],"wp:term":[{"taxonomy":"category","embeddable":true,"href":"https:\/\/www.cronacaonline.it\/index.php\/wp-json\/wp\/v2\/categories?post=218993"},{"taxonomy":"post_tag","embeddable":true,"href":"https:\/\/www.cronacaonline.it\/index.php\/wp-json\/wp\/v2\/tags?post=218993"}],"curies":[{"name":"wp","href":"https:\/\/api.w.org\/{rel}","templated":true}]}}