{"id":218906,"date":"2022-03-12T10:45:24","date_gmt":"2022-03-12T09:45:24","guid":{"rendered":"https:\/\/www.cronacaonline.it\/?p=218906"},"modified":"2022-03-12T10:45:27","modified_gmt":"2022-03-12T09:45:27","slug":"rischio-idrogeologico-assessore-salaris-rafforzato-il-coordinamento-per-le-manutenzioni-negli-alvei-dei-fiumi","status":"publish","type":"post","link":"https:\/\/www.cronacaonline.it\/index.php\/2022\/03\/12\/rischio-idrogeologico-assessore-salaris-rafforzato-il-coordinamento-per-le-manutenzioni-negli-alvei-dei-fiumi\/","title":{"rendered":"Rischio idrogeologico, Assessore Salaris: rafforzato il coordinamento per le manutenzioni negli alvei dei fiumi."},"content":{"rendered":"\n<p>Cagliari, 12 Mar 2022 \u2013\u00a0Verso una gestione sempre pi\u00f9 ordinata, incisiva ed efficace del contrasto al dissesto idrogeologico. Si \u00e8 svolta ieri nella sede dell\u2019Assessorato dei Lavori Pubblici la riunione che ha visto la partecipazione dei servizi territoriali dei Geni civili di Cagliari, Sassari, Nuoro, Oristano (alcuni in collegamento video) per rafforzare la collaborazione sul contrasto al rischio idrogeologico, con particolare attenzione alla manutenzione degli alvei dei fiumi e dei corsi d\u2019acqua. La necessit\u00e0 di un pi\u00f9 ampio coordinamento, d\u2019accordo con la Protezione civile e l\u2019Autorit\u00e0 di bacino, nasce dalle richieste degli Enti competenti per la manutenzione degli alvei dei fiumi di avere ulteriore sostegno da parte della Regione e in particolare da parte degli uffici del Genio civile che nel senso della mitigazione del rischio idrogeologico che gi\u00e0 operano nel territorio. L\u2019obiettivo \u00e8 ripristinare la funzionalit\u00e0 idraulica di torrenti e fiumi e rendere pi\u00f9 sicuri quelli che gi\u00e0 sono stati oggetto di intervento attraverso un monitoraggio costante e concreto per garantire sufficienti condizioni di deflusso idrico negli alvei\u201d, afferma in una nota l\u2019Assessore dei lavori Pubblici, Aldo Salaris entrando nello specifico di parte delle attivit\u00e0 previste e necessarie per la sicurezza, come la pulizia, quindi\u00a0 l\u2019eliminazione della vegetazione che naturalmente si forma sulle golene, ai margini dell\u2019alveo attivo dei corsi d\u2019acqua\u201d. La mancata manutenzione dei versanti e dei corsi d\u2019acqua, ha proseguito l\u2019Assessore Salaris \u201ccontribuiscono ad aggravare\u00a0il dissesto e a mettere ulteriormente in evidenza la fragilit\u00e0 del territorio, aumentando il rischio stesso\u201d. Da qui la necessit\u00e0 di mettere a frutto le migliori forme di collaborazione tra Enti e istituzioni al fine di garantire la sicurezza. Nel corso della riunione sono state raccolte le segnalazioni fatte dal Corpo Forestale (mancate manutenzioni ordinarie) davanti alle quali si chieder\u00e0 agli Enti preposti di intervenire. Altre segnalazioni riguardano aspetti come l\u2019abbandono dei rifiuti o l\u2019esistenza di opere abusive in territori ritenuti vulnerabili per i quali sar\u00e0 per\u00f2 necessario approfondire dal punto di vista giuridico-normativo prima di definire le azioni conseguenti.<\/p>\n\n\n\n<p>\u201c\u00c8 forte, concreto e deciso, l\u2019impegno della Regione per mettere in atto buone pratiche utili a gestire al meglio i territori e ridurre il rischio idrogeologico \u2013 aggiunge il Presidente della Regione Sardegna -. Nel corso di questi tre anni abbiamo affrontato le debolezze e la vulnerabilit\u00e0 dei territori con una robusta azione di prevenzione del rischio, finanziando gli interventi per una cifra che supera i 100 milioni di euro e sostenendo gli Enti locali nel fondamentale lavoro di messa in sicurezza dei territori di competenza, salvaguardando la sicurezza dei cittadini sardi, dei beni e delle attivit\u00e0 produttive\u201d. Com<\/p>\n","protected":false},"excerpt":{"rendered":"<p>Cagliari, 12 Mar 2022 \u2013\u00a0Verso una gestione sempre pi\u00f9 ordinata, incisiva ed efficace del contrasto al dissesto idrogeologico. Si \u00e8 svolta ieri nella sede dell\u2019Assessorato&#8230;<\/p>\n","protected":false},"author":2,"featured_media":208753,"comment_status":"closed","ping_status":"open","sticky":false,"template":"","format":"standard","meta":[],"categories":[49,52],"tags":[],"_links":{"self":[{"href":"https:\/\/www.cronacaonline.it\/index.php\/wp-json\/wp\/v2\/posts\/218906"}],"collection":[{"href":"https:\/\/www.cronacaonline.it\/index.php\/wp-json\/wp\/v2\/posts"}],"about":[{"href":"https:\/\/www.cronacaonline.it\/index.php\/wp-json\/wp\/v2\/types\/post"}],"author":[{"embeddable":true,"href":"https:\/\/www.cronacaonline.it\/index.php\/wp-json\/wp\/v2\/users\/2"}],"replies":[{"embeddable":true,"href":"https:\/\/www.cronacaonline.it\/index.php\/wp-json\/wp\/v2\/comments?post=218906"}],"version-history":[{"count":1,"href":"https:\/\/www.cronacaonline.it\/index.php\/wp-json\/wp\/v2\/posts\/218906\/revisions"}],"predecessor-version":[{"id":218907,"href":"https:\/\/www.cronacaonline.it\/index.php\/wp-json\/wp\/v2\/posts\/218906\/revisions\/218907"}],"wp:featuredmedia":[{"embeddable":true,"href":"https:\/\/www.cronacaonline.it\/index.php\/wp-json\/wp\/v2\/media\/208753"}],"wp:attachment":[{"href":"https:\/\/www.cronacaonline.it\/index.php\/wp-json\/wp\/v2\/media?parent=218906"}],"wp:term":[{"taxonomy":"category","embeddable":true,"href":"https:\/\/www.cronacaonline.it\/index.php\/wp-json\/wp\/v2\/categories?post=218906"},{"taxonomy":"post_tag","embeddable":true,"href":"https:\/\/www.cronacaonline.it\/index.php\/wp-json\/wp\/v2\/tags?post=218906"}],"curies":[{"name":"wp","href":"https:\/\/api.w.org\/{rel}","templated":true}]}}