{"id":218904,"date":"2022-03-12T10:42:06","date_gmt":"2022-03-12T09:42:06","guid":{"rendered":"https:\/\/www.cronacaonline.it\/?p=218904"},"modified":"2022-03-12T10:42:08","modified_gmt":"2022-03-12T09:42:08","slug":"sanita-assessore-sanita-sardegna-mario-nieddu-la-sardegna-verso-un-centro-unico-del-farmaco","status":"publish","type":"post","link":"https:\/\/www.cronacaonline.it\/index.php\/2022\/03\/12\/sanita-assessore-sanita-sardegna-mario-nieddu-la-sardegna-verso-un-centro-unico-del-farmaco\/","title":{"rendered":"Sanit\u00e0, Assessore Sanit\u00e0 Sardegna Mario Nieddu: la Sardegna verso un centro unico del farmaco."},"content":{"rendered":"\n<p>Cagliari 12 Mar 2022 \u2013\u00a0La Sardegna a grandi passi verso la realizzazione dell\u2019HUB unico del farmaco. La Regione ha avviato la procedura per l\u2019affidamento del servizio di logistica integrata e di distribuzione dei medicinali e dei dispositivi medici alle strutture delle aziende sanitarie dell\u2019Isola. La gara, che ha un valore totale stimato di 55,6 milioni di euro, si articola in un unico lotto per l\u2019affidamento della gestione del servizio per cinque anni, con la possibilit\u00e0 di proroga per ulteriori due anni. La scadenza per l\u2019invio delle manifestazioni di interesse \u00e8 fissata per il 3 maggio.<\/p>\n\n\n\n<p>\u201cOggi \u2013 dichiara in una nota l\u2019assessore regionale della Sanit\u00e0, Mario Nieddu \u2013 i medicinali acquistati per l\u2019impiego negli ospedali, ambulatori, punti di continuit\u00e0 assistenziale o per la distribuzione ai pazienti cronici, sono stoccati in un gran numero di magazzini, nelle farmacie ospedaliere, servizi farmaceutici e punti di distribuzione, con un\u2019evidente duplicazione di tutte le procedure di approvvigionamento. L'attuale organizzazione assorbe notevoli risorse umane, strumentali ed economiche\u201d. L\u2019esponente della Giunta sottolinea che: \u201cLa razionalizzazione della logistica dei medicinali attraverso l\u2019HUB unico, secondo le esperienze consolidate in altre Regioni, ha portato importanti risparmi. Questo significa pi\u00f9 disponibilit\u00e0 di risorse che saranno reinvestite sul nostro sistema sanitario\u201d.<\/p>\n\n\n\n<p>\u201cParliamo di un servizio che la Sardegna attende da quasi sette anni e che ora potr\u00e0 finalmente diventare realt\u00e0\u201d, aggiunge il Presidente della Regione Sardegna. \u201cQuello che andremo a introdurre \u2013 sottolinea il Presidente \u2013 \u00e8 un modello virtuoso di gestione, pi\u00f9 efficiente, che risponda a standard innovativi in grado di produrre economie di scala e ottimizzare cos\u00ec le risorse, con ricadute positive su tutto il territorio\u201d.<\/p>\n\n\n\n<p>I rapporti tra le aziende sanitarie e il soggetto a cui verr\u00e0 affidato il servizio dell\u2019HUB avranno come unico referente l\u2019Azienda regionale della salute (Ares). Il progetto si articola in un cronoprogramma con la progressiva implementazione del servizio verso le tre aziende ospedaliere, le Asl e l\u2019Areus, e una gestione per la distribuzione dei farmaci che entrer\u00e0 a regime nei primi sedici mesi dall\u2019avvio.<\/p>\n\n\n\n<p>Per la realizzazione del servizio, chi si aggiudicher\u00e0 l\u2019appalto dovr\u00e0 mettere a disposizione due strutture dedicate (HUB) per una superfice di 10mila metri quadri, una a nord e l\u2019altra a sud dell\u2019Isola, dotate di tutte le tecnologie necessarie per svolgere la funzione di magazzini centralizzati. Il bando prevede inoltre che il gestore si occupi interamente di tutti gli aspetti legati al trasporto dei farmaci e dei dispositivi verso i reparti ospedalieri e farmaceutici, territoriali e distrettuali delle aziende del sistema sanitario regionale, nonch\u00e9 degli aspetti tecnologici legati ai sistemi informativi e informatici di supporto alla gestione del processo logistico (come richiesta, magazzino e consegna) e il suo tracciamento in tempo reale, oltre al supporto tecnico operativo e formativo al personale del referente unico, Ares. Com<\/p>\n","protected":false},"excerpt":{"rendered":"<p>Cagliari 12 Mar 2022 \u2013\u00a0La Sardegna a grandi passi verso la realizzazione dell\u2019HUB unico del farmaco. La Regione ha avviato la procedura per l\u2019affidamento del&#8230;<\/p>\n","protected":false},"author":2,"featured_media":218466,"comment_status":"closed","ping_status":"open","sticky":false,"template":"","format":"standard","meta":[],"categories":[49,52],"tags":[],"_links":{"self":[{"href":"https:\/\/www.cronacaonline.it\/index.php\/wp-json\/wp\/v2\/posts\/218904"}],"collection":[{"href":"https:\/\/www.cronacaonline.it\/index.php\/wp-json\/wp\/v2\/posts"}],"about":[{"href":"https:\/\/www.cronacaonline.it\/index.php\/wp-json\/wp\/v2\/types\/post"}],"author":[{"embeddable":true,"href":"https:\/\/www.cronacaonline.it\/index.php\/wp-json\/wp\/v2\/users\/2"}],"replies":[{"embeddable":true,"href":"https:\/\/www.cronacaonline.it\/index.php\/wp-json\/wp\/v2\/comments?post=218904"}],"version-history":[{"count":1,"href":"https:\/\/www.cronacaonline.it\/index.php\/wp-json\/wp\/v2\/posts\/218904\/revisions"}],"predecessor-version":[{"id":218905,"href":"https:\/\/www.cronacaonline.it\/index.php\/wp-json\/wp\/v2\/posts\/218904\/revisions\/218905"}],"wp:featuredmedia":[{"embeddable":true,"href":"https:\/\/www.cronacaonline.it\/index.php\/wp-json\/wp\/v2\/media\/218466"}],"wp:attachment":[{"href":"https:\/\/www.cronacaonline.it\/index.php\/wp-json\/wp\/v2\/media?parent=218904"}],"wp:term":[{"taxonomy":"category","embeddable":true,"href":"https:\/\/www.cronacaonline.it\/index.php\/wp-json\/wp\/v2\/categories?post=218904"},{"taxonomy":"post_tag","embeddable":true,"href":"https:\/\/www.cronacaonline.it\/index.php\/wp-json\/wp\/v2\/tags?post=218904"}],"curies":[{"name":"wp","href":"https:\/\/api.w.org\/{rel}","templated":true}]}}