{"id":218863,"date":"2022-03-11T15:48:15","date_gmt":"2022-03-11T14:48:15","guid":{"rendered":"https:\/\/www.cronacaonline.it\/?p=218863"},"modified":"2022-03-11T15:48:17","modified_gmt":"2022-03-11T14:48:17","slug":"enti-locali-corte-costituzionale-boccia-impugnazione-del-governo-il-presidente-solinas-unaltra-importante-affermazione-dellautonomia-della-sardegna","status":"publish","type":"post","link":"https:\/\/www.cronacaonline.it\/index.php\/2022\/03\/11\/enti-locali-corte-costituzionale-boccia-impugnazione-del-governo-il-presidente-solinas-unaltra-importante-affermazione-dellautonomia-della-sardegna\/","title":{"rendered":"Enti locali, corte costituzionale boccia impugnazione del governo. Il presidente Solinas: \u2018un&#8217;altra importante affermazione dell\u2019autonomia della Sardegna\u2019."},"content":{"rendered":"\n<p>Cagliari, 11 Mar 2022\u00a0\u2013 Dopo la recente rinuncia da parte del Consiglio dei Ministri al ricorso contro la Giunta regionale per l\u2019illegittimit\u00e0 costituzionale dell\u2019articolo 1 della legge regionale che regolamentava il commissariamento degli enti locali, \u00e8 arrivato un altro pronunciamento della Corte costituzionale che dichiara inammissibile il ricorso del Governo per l\u2019illegittimit\u00e0 costituzionale contro l\u2019articolo 6 della Legge regionale n. 7 del 2021 (\u201cRiforma dell\u2019assetto territoriale della Regione\u201d), che ha istituito sei Province (Nord-Est, Nuoro, Ogliastra, Oristano, Medio Campidano e Sulcis Iglesiente) e le due Citt\u00e0 metropolitane di Cagliari e Sassari.<\/p>\n\n\n\n<p>\u201cUn'altra importante affermazione dell\u2019autonomia della Sardegna. La sentenza certifica ulteriormente, ce ne fosse ancora bisogno, che il Consiglio regionale ha pieno diritto di legiferare nelle materie di sua competenza, senza indebite interferenze dello Stato. Nell\u2019ambito di un rapporto di leale collaborazione tra istituzioni, la Sardegna merita rispetto per le sue scelte e questa decisione della Consulta rafforza la convinzione sulla bont\u00e0 del percorso intrapreso dalla Giunta regionale. Peraltro, la riorganizzazione degli enti locali faceva parte del nostro programma elettorale, quello che i sardi hanno votato in maggioranza nel 2019\u201d, ha commentato il presidente della Regione, Christian Solinas.<br>\u201cUn successo particolarmente gradito, soprattutto dopo aver subito pesanti attacchi personali a causa dell\u2019impugnazione della legge \u2013 ha sottolineato l\u2019assessore regionale degli Enti locali, Quirico Sanna \u2013 Si \u00e8 trattato di un proditorio attacco politico all\u2019Istituzione regionale, che, anche grazie al suo avvocato, ha dimostrato la bont\u00e0 delle sue ragioni. Perci\u00f2, il nuovo assetto territoriale sar\u00e0 quello approvato dall\u2019Assemblea regionale e presto i cittadini potranno eleggere i propri rappresentanti nei nuovi enti locali\u201d.<\/p>\n\n\n\n<p>\u201cNel difendere la nostra autonomia, senza ipotizzare alcun passo indietro \u2013 ha aggiunto l\u2019assessore Sanna \u2013 \u00e8 bene evidenziare un passaggio della sentenza della Corte, che dimostra la pretestuosit\u00e0 dell\u2019impugnazione: \u00abanche nell\u2019ipotesi di accoglimento delle ragioni del ricorrente, la sola caducazione dell\u2019intero articolo 6 impugnato, o di parti di esso, non potrebbe di certo restaurare il principio affermato nell\u2019atto di impugnazione, cio\u00e8 la partecipazione necessaria delle popolazioni interessate, attraverso il referendum, al procedimento di formazione della legge regionale. La legge regionale n. 7 del 2021 resterebbe complessivamente in vigore, immune da ogni censura, con le sue variazioni territoriali ormai produttive di effetti giuridici, circostanza, quest\u2019ultima, confermata dalla stessa difesa regionale, quando asserisce che la legge n. 7 del 2021 ha disposto il nuovo assetto territoriale con validit\u00e0 immediata\u00bb\u201d. Com<\/p>\n","protected":false},"excerpt":{"rendered":"<p>Cagliari, 11 Mar 2022\u00a0\u2013 Dopo la recente rinuncia da parte del Consiglio dei Ministri al ricorso contro la Giunta regionale per l\u2019illegittimit\u00e0 costituzionale dell\u2019articolo 1&#8230;<\/p>\n","protected":false},"author":2,"featured_media":187128,"comment_status":"closed","ping_status":"open","sticky":false,"template":"","format":"standard","meta":[],"categories":[49,52],"tags":[],"_links":{"self":[{"href":"https:\/\/www.cronacaonline.it\/index.php\/wp-json\/wp\/v2\/posts\/218863"}],"collection":[{"href":"https:\/\/www.cronacaonline.it\/index.php\/wp-json\/wp\/v2\/posts"}],"about":[{"href":"https:\/\/www.cronacaonline.it\/index.php\/wp-json\/wp\/v2\/types\/post"}],"author":[{"embeddable":true,"href":"https:\/\/www.cronacaonline.it\/index.php\/wp-json\/wp\/v2\/users\/2"}],"replies":[{"embeddable":true,"href":"https:\/\/www.cronacaonline.it\/index.php\/wp-json\/wp\/v2\/comments?post=218863"}],"version-history":[{"count":1,"href":"https:\/\/www.cronacaonline.it\/index.php\/wp-json\/wp\/v2\/posts\/218863\/revisions"}],"predecessor-version":[{"id":218864,"href":"https:\/\/www.cronacaonline.it\/index.php\/wp-json\/wp\/v2\/posts\/218863\/revisions\/218864"}],"wp:featuredmedia":[{"embeddable":true,"href":"https:\/\/www.cronacaonline.it\/index.php\/wp-json\/wp\/v2\/media\/187128"}],"wp:attachment":[{"href":"https:\/\/www.cronacaonline.it\/index.php\/wp-json\/wp\/v2\/media?parent=218863"}],"wp:term":[{"taxonomy":"category","embeddable":true,"href":"https:\/\/www.cronacaonline.it\/index.php\/wp-json\/wp\/v2\/categories?post=218863"},{"taxonomy":"post_tag","embeddable":true,"href":"https:\/\/www.cronacaonline.it\/index.php\/wp-json\/wp\/v2\/tags?post=218863"}],"curies":[{"name":"wp","href":"https:\/\/api.w.org\/{rel}","templated":true}]}}