{"id":218718,"date":"2022-03-09T16:08:56","date_gmt":"2022-03-09T15:08:56","guid":{"rendered":"https:\/\/www.cronacaonline.it\/?p=218718"},"modified":"2022-03-09T16:08:58","modified_gmt":"2022-03-09T15:08:58","slug":"energia-assessore-pili-al-ministro-cingolani-decreto-sardegna-insoddisfacente-necessarie-modifiche-caro-energia-servono-interventi-duraturi-per-imprese-e-famiglie","status":"publish","type":"post","link":"https:\/\/www.cronacaonline.it\/index.php\/2022\/03\/09\/energia-assessore-pili-al-ministro-cingolani-decreto-sardegna-insoddisfacente-necessarie-modifiche-caro-energia-servono-interventi-duraturi-per-imprese-e-famiglie\/","title":{"rendered":"Energia, assessore Pili al ministro cingolani: \u2018decreto Sardegna insoddisfacente, necessarie modifiche. Caro energia, servono interventi duraturi per imprese e famiglie\u2019."},"content":{"rendered":"\n<p>Cagliari,\u00a09 Mar 2022\u00a0\u2013 \u201cAbbiamo approfondito, in particolare, alcuni temi riguardanti le azioni intraprese dalla Regione Sardegna per garantire l\u2019autoproduzione energetica, come la realizzazione, in aree industriali dismesse, di siti di produzione di idrogeno verde (prodotto con fonti energetiche rinnovabili), la costituzione di comunit\u00e0 energetiche e le configurazioni di autoconsumo collettivo nel territorio regionale\u201d. Lo ha detto l\u2019assessore regionale dell\u2019Industria, Anita Pili, questa mattina,\u00a0al termine dell\u2019incontro (in videoconferenza) con il ministro della Transizione ecologica, Roberto Cingolani.<\/p>\n\n\n\n<p>\u201cDobbiamo accelerare il processo verso modelli di produzione e consumo sostenibili con l'obiettivo dell\u2019autonomia energetica \u2013 ha spiegato l\u2019assessore Pili \u2013 Per quanto riguarda le modalit\u00e0 attuative dei due interventi, finanziati coi fondi del 'Piano nazionale di ripresa e resilienza', ho evidenziato alcuni punti critici: l\u2019assistenza tecnica e la possibilit\u00e0 di rendicontare alcune spese; la cumulabilit\u00e0 con altri programmi e risorse regionali; le conseguenze dell\u2019inadempienza\u201d.<\/p>\n\n\n\n<p>\u201cLa Regione Sardegna rivendica un ruolo da protagonista nella transizione energetica ed \u00e8 urgente arrivare ad una configurazione chiara e funzionale alle esigenze della nostra comunit\u00e0 regionale&nbsp;\u2013 ha aggiunto l\u2019Assessore dell\u2019Industria \u2013&nbsp;Quindi, ho fatto presente al Ministro che, nonostante la sua disponibilit\u00e0, non siamo soddisfatti dei risultati nella stesura del Dpcm energia per la Sardegna. E\u2019 necessario apportare alcune modifiche, soprattutto in tema di perequazione tariffaria del metano, che spacca l'Isola in due zone, creando una Sardegna a due velocit\u00e0: una con una tariffazione agevolata e l\u2019altra dove, invece, saranno in vigore le regole del libero mercato con pesanti penalizzazioni per quel territorio. La modifica consentirebbe anche di non perdere gli oltre 100 milioni di euro di investimento gi\u00e0 in essere e in fase di attuazione. Perci\u00f2, anche in ragione della specialit\u00e0 della nostra Regione, \u00e8 fondamentale, nell\u2019ottica della pi\u00f9 leale collaborazione tra istituzioni, richiedere l\u2019intesa sulla versione finale del Decreto\u201d.<\/p>\n\n\n\n<p>\u201cInfine, ho evidenziato la necessit\u00e0 di rafforzare le azioni che possano garantire il raggiungimento dell\u2019autonomia energetica e rimarcato quanto sia importante affrontare il 'caro energia', che rischia di mettere in ginocchio le imprese sarde e di rendere difficile la vita quotidiana delle famiglie. Non \u00e8 assolutamente sufficiente un provvedimento tampone, ma servono misure di sistema e interventi duraturi che rendano accessibili le tariffe, affinch\u00e9 non incidano ulteriormente su una pesante situazione socioeconomica, gi\u00e0 fortemente penalizzata dall\u2019emergenza Internazionale oltre che da quella pandemica\u201d, ha concluso l\u2019esponente della Giunta Sarda. Com<\/p>\n","protected":false},"excerpt":{"rendered":"<p>Cagliari,\u00a09 Mar 2022\u00a0\u2013 \u201cAbbiamo approfondito, in particolare, alcuni temi riguardanti le azioni intraprese dalla Regione Sardegna per garantire l\u2019autoproduzione energetica, come la realizzazione, in aree&#8230;<\/p>\n","protected":false},"author":2,"featured_media":218499,"comment_status":"closed","ping_status":"open","sticky":false,"template":"","format":"standard","meta":[],"categories":[49,52],"tags":[],"_links":{"self":[{"href":"https:\/\/www.cronacaonline.it\/index.php\/wp-json\/wp\/v2\/posts\/218718"}],"collection":[{"href":"https:\/\/www.cronacaonline.it\/index.php\/wp-json\/wp\/v2\/posts"}],"about":[{"href":"https:\/\/www.cronacaonline.it\/index.php\/wp-json\/wp\/v2\/types\/post"}],"author":[{"embeddable":true,"href":"https:\/\/www.cronacaonline.it\/index.php\/wp-json\/wp\/v2\/users\/2"}],"replies":[{"embeddable":true,"href":"https:\/\/www.cronacaonline.it\/index.php\/wp-json\/wp\/v2\/comments?post=218718"}],"version-history":[{"count":1,"href":"https:\/\/www.cronacaonline.it\/index.php\/wp-json\/wp\/v2\/posts\/218718\/revisions"}],"predecessor-version":[{"id":218719,"href":"https:\/\/www.cronacaonline.it\/index.php\/wp-json\/wp\/v2\/posts\/218718\/revisions\/218719"}],"wp:featuredmedia":[{"embeddable":true,"href":"https:\/\/www.cronacaonline.it\/index.php\/wp-json\/wp\/v2\/media\/218499"}],"wp:attachment":[{"href":"https:\/\/www.cronacaonline.it\/index.php\/wp-json\/wp\/v2\/media?parent=218718"}],"wp:term":[{"taxonomy":"category","embeddable":true,"href":"https:\/\/www.cronacaonline.it\/index.php\/wp-json\/wp\/v2\/categories?post=218718"},{"taxonomy":"post_tag","embeddable":true,"href":"https:\/\/www.cronacaonline.it\/index.php\/wp-json\/wp\/v2\/tags?post=218718"}],"curies":[{"name":"wp","href":"https:\/\/api.w.org\/{rel}","templated":true}]}}