{"id":218668,"date":"2022-03-08T19:33:48","date_gmt":"2022-03-08T18:33:48","guid":{"rendered":"https:\/\/www.cronacaonline.it\/?p=218668"},"modified":"2022-03-08T19:33:54","modified_gmt":"2022-03-08T18:33:54","slug":"congresso-cisl-il-presidente-della-regione-sardegna-sindacato-e-governo-regionale-uniti-nellindividuare-scelte-condivise-e-strategie-comuni-per-lo-sviluppo","status":"publish","type":"post","link":"https:\/\/www.cronacaonline.it\/index.php\/2022\/03\/08\/congresso-cisl-il-presidente-della-regione-sardegna-sindacato-e-governo-regionale-uniti-nellindividuare-scelte-condivise-e-strategie-comuni-per-lo-sviluppo\/","title":{"rendered":"Congresso Cisl, il presidente della Regione Sardegna: sindacato e governo regionale uniti nell\u2019individuare scelte condivise e strategie comuni per lo sviluppo."},"content":{"rendered":"\n<p>Cagliari, 8 Mar 2022 \u2013 \u201cLa Regione accoglie per intero la sfida della collaborazione stretta con le Parti sociali, con il mondo sindacale per scrivere insieme non solo l\u2019utilizzo delle risorse oggi disponibili, ma per provare a tracciare le prospettive per la Sardegna dei prossimi decenni\u201d.<\/p>\n\n\n\n<p>Lo ha detto il Presidente della Regione Christian Solinas, intervenendo ad Arborea al Congresso della Cisl.&nbsp;&nbsp;Questo metodo di lavoro, ha detto il Presidente, \u00e8 indispensabile, ma occorre una chiarezza di fondo rispetto all\u2019analisi della situazione attuale.<\/p>\n\n\n\n<p>\u201cLa pandemia ha costretto a rivedere l\u2019agenda politica dei Governi di tutto il mondo, e ha determinato effetti sul sistema economico assolutamente senza precedenti. Pur nelle difficolt\u00e0, l\u2019azione della Giunta regionale nel periodo della pandemia ha realizzato e messo in campo, come la Banca d\u2019Italia e la Corte dei Conti hanno attestato, misure efficaci che stanno dando un risultato positivo\u201d.<\/p>\n\n\n\n<p>\u201cLa Regione Sardegna \u00e8 quella che durante la pandemia ha investito maggiori risorse proprie rispetto a tutte le altre Regioni italiane per fronteggiare gli effetti della crisi, e offerto strumenti, a partire dal Fondo Resisto fino agli aiuti del comparto del turismo e a molte altre categorie, che hanno garantito sostegno e resistenza.<\/p>\n\n\n\n<p>Ma si rischia di fallire se a questo impegno finanziario non fa riscontro il capitale umano necessario, e cio\u00e8 se il settore pubblico non ha al suo interno le risorse per poter fare arrivare in tempi rapidi alle imprese e alle persone queste risorse. Gli ultimi vent\u2019anni di politiche di mancata copertura del turn over, di contrazione violenta degli organici nelle pubbliche amministrazioni in tutti i settori \u2013 ha detto il Presidente Solinas \u2013 sono stati un fallimento, un errore strategico e storico. Oggi vengono al pettine nodi strutturali, come l\u2019evidenza che un sistema sanitario non pu\u00f2 reggere con migliaia di esodi annuali pi\u00f9 o meno incentivati, senza copertura, senza nuove assunzioni\u201d.<\/p>\n\n\n\n<p>Un altro tema toccato dal Presidente Solinas \u00e8 stato quello della lotta allo spopolamento. \u201cLa questione delle zone interne \u2013 ha sottolineato il Presidente \u2013 riguarda tutti. Certamente in primo luogo coloro che vivono in territori ormai quasi del tutto privi dei servizi essenziali, ma anche il resto della cittadinanza ne \u00e8 coinvolta. Nella Finanziaria di quest\u2019anno abbiamo deciso una misura immediata che desse un\u2019iniezione di liquidit\u00e0 sulle zone interne in chiave di lotta allo spopolamento. Offrire a chi non ha prospettiva la possibilit\u00e0 di restare nel proprio paese \u00e8 il primo tassello perch\u00e9 non chiuda la bottega, il bar, la scuola, non chiudano gli altri servizi.<\/p>\n\n\n\n<p>Abbiamo quindi ritenuto indispensabile \u2013 ha detto il Presidente \u2013 accompagnare le famiglie alla natalit\u00e0, riconoscendo per ogni nascituro un sostegno di 600 euro ogni mese, per i primi 5 anni di vita, per consentire di programmare un futuro dei nostri bambini. Nella finanziaria e\u2019 prevista anche la possibilit\u00e0 di un contributo per chi apre un'attivit\u00e0 in queste stesse zone, per chi decide di ristrutturare casa nei centri storici dei piccoli Comuni sotto i 3.000 abitanti, e quindi di ricreare economia. Stiamo accompagnando tutto questo con la ripresa delle politiche di valorizzazione del comparto forestale, che rappresenta una grande ricchezza di questa nostra Regione, anche in termini occupazionali, riaprendo il turn over nell'agenzia Forestas e nel Corpo Forestale e di Vigilanza Ambientale\u201d.<\/p>\n\n\n\n<p>\u201cStiamo cercando \u2013 ha detto ancora il Presidente Solinas \u2013 di configurare la Sardegna, agli occhi del mondo, come un ecosistema favorevole agli investimenti in ricerca, sviluppo e innovazione. In questo senso va letto, non solo simbolicamente, il grande investimento che stiamo facendo nel sostenere il progetto dell'Einstein Telescope a Lula. L'Einstein Telescope sar\u00e0 il pi\u00f9 grande progetto di rilevatore delle onde gravitazionali al mondo. Per i prossimi 50 anni, ricercatori di tutto il mondo verranno in quella sede e proporranno una domanda di servizi, che alimenter\u00e0 quindi quella particolare localit\u00e0 della Sardegna e tutte le zone interne.<\/p>\n\n\n\n<p>Altro progetto emblematico \u00e8 sorto nei pozzi delle miniere della Carbosulcis, che hanno rappresentato un problema storico per anni e che erano in via di chiusura definitiva. In uno di questi pozzi, con un progetto concordato con l'Universit\u00e0 di Cagliari e l'Universit\u00e0 di Princeton, il progetto \"Aria\", abbiamo realizzato la prima torre di distillazione in Sardegna dell'Argon, un gas nobile, che cederemo all'Istituto Nazionale di Fisica Nucleare. Questo progetto genera lavoro diretto e indotto, perch\u00e9 dal raffreddamento delle torri di distillazione si ottiene un'acqua che consente la coltura di erba spirulina, che nel mondo rappresenta uno dei principali terreni di studio sugli alimenti ecologici e sostitutivi di altre proteine\u201d.<\/p>\n\n\n\n<p>\u201cDobbiamo avere la forza, ha detto il Presidente, di rinegoziare le condizioni della nostra specialit\u00e0. Assistiamo ad un rigurgito di centralismo che tende a cancellare spazi di autonomia e di specialit\u00e0 che nel tempo si erano consolidati, e che non sono certo un privilegio. Quando negli Statuti si \u00e8 prevista la specialit\u00e0, si \u00e8 certificato e preso atto che esistevano condizioni geografiche, sociali, storiche e culturali, economiche che giustificavano una legislazione differenziata. Quello spirito, quella capacit\u00e0 di riconoscere la specialit\u00e0 come strumento indispensabile per governare quest'Isola purtroppo si \u00e8 persa nei decenni successivi. Si \u00e8 persa, ad esempio, quando, nella sottoscrizione dei trattati istitutivi dell'Unione Europea, altri Paesi hanno inserito esplicitamente le proprie isole per esentarle dall'applicazione delle normative sugli aiuti di Stato. Questo \u00e8 il caso delle Canarie, delle Azzorre, di altre realt\u00e0 territoriali esentate dall'applicazione di una serie di norme, regolamenti, direttive comunitarie, che hanno, nel tempo, indebolito la nostra struttura produttiva. La continuit\u00e0 nei trasporti \u2013 ha detto ancora il presidente Solinas \u2013 \u00e8 un problema di coesione territoriale. \u00c8 un problema che interroga l'Unione Europea, lo Stato Italiano. Le nostre autostrade sono, per le merci, le stive delle navi, e sono per i passeggeri, soprattutto gli aerei. Sono un'infrastruttura immateriale che si chiama linea aerea o marittima. Non esiste un'autostrada che abbia una tariffa differenziata tra chi sale e chi scende. Ecco perch\u00e9 insistiamo sul fatto che la Sardegna abbia diritto non solo a linee aeree adeguate, in termini di frequenza e di aeromobili, ma anche ad una tariffa unica che consenta a noi di andare verso il resto del mondo, ma anche al resto del mondo di venire verso di noi. Tutte le volte che si differenzia questa tariffa in maniera eccessiva, si sta creando una disparit\u00e0 di trattamento, e si toglie un'opportunit\u00e0 di sviluppo al sistema produttivo dell'isola. Sui trasporti, sulla continuit\u00e0 territoriale, non pu\u00f2 essere lasciato tutto al libero mercato, come vorrebbe l'Unione Europea\u201d.<\/p>\n\n\n\n<p>\u201cE allora \u2013 ha aggiunto il Presidente \u2013 quella per un presidio pubblico, una serie di linee di rotte e di frequenze garantite con una convenzione, con l'utilizzo degli oneri di servizio pubblico o con una compagnia esattamente come accade in Corsica o in tante altre parti del mondo, credo sia una battaglia che si pu\u00f2 fare anche insieme. Nell'ultima Finanziaria \u00e8 prevista una somma che ci consentir\u00e0 di avere lo studio di un piano industriale serio, che potrebbe portarci non solo a governare la nostra continuit\u00e0 territoriale, ed essere finalmente noi quelli che scelgono le frequenze, le rotte, gli aeromobili, ma anche a recuperare quel patrimonio di competenze e di capacit\u00e0 che nella lunga storia di Alisarda e poi Air Italy si sono consolidate\u201d.<\/p>\n\n\n\n<p>\u201cSiamo passati da alcuni punti fermi ed accettati quali la metanizzazione con la realizzazione di una dorsale che desse sicurezza al mondo produttivo, ad una serie di virate e cambi di rotta generati dal contrasto tra aziende dello Stato, tra Snam ed Enel che avevano visioni diverse dello sviluppo energetico dell'isola.&nbsp;&nbsp;Ecco che oggi, con la guerra alle porte di casa, ha detto ancora il Presidente, qualcuno si rende conto che nel tempo questo paese ha rinunciato anche alla propria autonomia energetica, e si riparla di carbone e di una serie di progetti accantonati con una leggerezza spaventosa\u201d.<\/p>\n\n\n\n<p>\u201cSu tutti questi temi \u2013&nbsp;ha detto il Presidente Solinas \u2013 credo che il sindacato e la politica regionale possano e debbano in questo particolare momento storico sedersi attorno ad un tavolo, per indicare una via che metta al centro gli interessi di quest'isola sia sotto il profilo dell\u2019approvvigionamento energetico che sotto altri temi di importanza vitale. E\u2019 mia intenzione chiedere al Presidente Draghi, prima che dalla Sardegna emerga una posizione condivisa, di non emanare alcun decreto che imponga e faccia calare dall'alto le scelte sull\u2019 energia in Sardegna. Coinvolger\u00f2 \u2013 ha concluso il Presidente Solinas \u2013 tutte le forze sindacali e le Universit\u00e0, per cercare insieme una nuova via e la soluzione ad una visione mortificante e penalizzante per la nostra terra\u201d. Com<\/p>\n","protected":false},"excerpt":{"rendered":"<p>Cagliari, 8 Mar 2022 \u2013 \u201cLa Regione accoglie per intero la sfida della collaborazione stretta con le Parti sociali, con il mondo sindacale per scrivere&#8230;<\/p>\n","protected":false},"author":2,"featured_media":209720,"comment_status":"closed","ping_status":"open","sticky":false,"template":"","format":"standard","meta":[],"categories":[49,52],"tags":[],"_links":{"self":[{"href":"https:\/\/www.cronacaonline.it\/index.php\/wp-json\/wp\/v2\/posts\/218668"}],"collection":[{"href":"https:\/\/www.cronacaonline.it\/index.php\/wp-json\/wp\/v2\/posts"}],"about":[{"href":"https:\/\/www.cronacaonline.it\/index.php\/wp-json\/wp\/v2\/types\/post"}],"author":[{"embeddable":true,"href":"https:\/\/www.cronacaonline.it\/index.php\/wp-json\/wp\/v2\/users\/2"}],"replies":[{"embeddable":true,"href":"https:\/\/www.cronacaonline.it\/index.php\/wp-json\/wp\/v2\/comments?post=218668"}],"version-history":[{"count":1,"href":"https:\/\/www.cronacaonline.it\/index.php\/wp-json\/wp\/v2\/posts\/218668\/revisions"}],"predecessor-version":[{"id":218669,"href":"https:\/\/www.cronacaonline.it\/index.php\/wp-json\/wp\/v2\/posts\/218668\/revisions\/218669"}],"wp:featuredmedia":[{"embeddable":true,"href":"https:\/\/www.cronacaonline.it\/index.php\/wp-json\/wp\/v2\/media\/209720"}],"wp:attachment":[{"href":"https:\/\/www.cronacaonline.it\/index.php\/wp-json\/wp\/v2\/media?parent=218668"}],"wp:term":[{"taxonomy":"category","embeddable":true,"href":"https:\/\/www.cronacaonline.it\/index.php\/wp-json\/wp\/v2\/categories?post=218668"},{"taxonomy":"post_tag","embeddable":true,"href":"https:\/\/www.cronacaonline.it\/index.php\/wp-json\/wp\/v2\/tags?post=218668"}],"curies":[{"name":"wp","href":"https:\/\/api.w.org\/{rel}","templated":true}]}}