{"id":218664,"date":"2022-03-08T18:48:50","date_gmt":"2022-03-08T17:48:50","guid":{"rendered":"https:\/\/www.cronacaonline.it\/?p=218664"},"modified":"2022-03-08T18:48:51","modified_gmt":"2022-03-08T17:48:51","slug":"consiglio-sardegna-commissione-sanita-audizioni-del-nuovo-direttore-generale-dellares-e-dellassessore-sullo-stato-della-riforma","status":"publish","type":"post","link":"https:\/\/www.cronacaonline.it\/index.php\/2022\/03\/08\/consiglio-sardegna-commissione-sanita-audizioni-del-nuovo-direttore-generale-dellares-e-dellassessore-sullo-stato-della-riforma\/","title":{"rendered":"Consiglio Sardegna &#8211; Commissione Sanit\u00e0: audizioni del nuovo direttore generale dell\u2019Ares e dell\u2019assessore sullo stato della riforma."},"content":{"rendered":"\n<p>Cagliari, 8 Mar 2022 \u2013 La commissione Sanit\u00e0, presieduta da Antonio Mario Mundula (Fdi) ha ascoltato il nuovo direttore generale dell\u2019Ares Anna Maria Tomasella e l\u2019assessore Mario Nieddu sullo stato di attuazione della riforma.<\/p>\n\n\n\n<p>Nella sua relazione introduttiva la responsabile dell\u2019Ares ha affermato che la divisione sostanziale fra Ares ed Asl \u00e8 che la prima avr\u00e0 prevalentemente compiti organizzativi mentre le seconde si concentreranno sul servizio sanitario, mantenendo solo alcune funzioni amministrative.<\/p>\n\n\n\n<p>Su questa \u201ccornice\u201d normativa si \u00e8 sviluppato all\u2019interno della commissione un articolato dibattito. Secondo Giorgio Oppi di Udc-Cambiamo l\u2019Ares deve fornire servizi al sistema ma non esercitare il ruolo di super-governo della sanit\u00e0 regionale, oltretutto con un numero esagerato di dipendenti. Mentre per Miche Cossa dei Riformatori l\u2019uscita dall\u2019azienda unica decisa dal Consiglio regionale \u00e8 irreversibile, per\u00f2 bisogna accelerare l\u2019attuazione della riforma.<\/p>\n\n\n\n<p>Secondo Daniele Cocco, di Leu, il sistema regionale \u00e8 bloccato dall\u2019incertezza sui confini fra Ares ed Asl, con gravi danni per i cittadini, determinati anche dalla lungaggini dei concorsi. Di riforma rimasta a met\u00e0 strada ha parlato anche Gianfranco Ganau (Pd) mentre Saiu (Lega) ha auspicato una riflessione pi\u00f9 ampia, chiedendo per\u00f2 dati precisi sulla distribuzione del personale (medico e non) nelle diverse aziende. A quasi due mesi dalla legge, ha ricordato Francesco Agus dei Progressisti, si procede con le interpretazioni e nel frattempo si sta andando incontro ad uno scenario non facile, fra \u201ccoda\u201d della pandemia e liste d\u2019attesa. In effetti, ha rilevato Antonio Piu sempre dei Progressisti, sono ormai tre anni che la sanit\u00e0 sarda naviga nell\u2019incertezza ed anche la riforma aggiunge confusione. Rossella Pinna del Pd la ribadito le critiche alla riforma mancata ma ha invitato a non dimenticare la proroga dei contratti \u201cCovid\u201d in scadenza per la fine del mese e la possibilit\u00e0 delle stabilizzazioni offerta dalla legge Madia.<\/p>\n\n\n\n<p>La dr.ssa Tomasella ha poi fornito alcuni chiarimenti su questioni poste dai consiglieri. Premettendo che l\u2019Ares avr\u00e0 sempre una componente sanitaria, la manager ha chiarito che il personale sanitario in Ares, si occupa delle verifiche sull\u2019appropriatezza dei ricoveri, delle liste d\u2019attesa (quest\u2019ultima competenza verr\u00e0 poi decentrata), della sanit\u00e0 digitale, della medicina convenzionata, di formazione, di ingegneria chimica e di risk-management. Quanto ai concorsi unici per tutta la Regione (gi\u00e0 avviati al momento del suo insediamento), la Tomasella ha definito la scelta discutibile perch\u00e9 non individua con precisione il fabbisogno dei territori e quindi, per il futuro, si manterranno i concorsi unificati consentendo per\u00f2 ai partecipanti di indicare la sede per la quale concorrono.<\/p>\n\n\n\n<p>L\u2019assessore della Sanit\u00e0 Mario Nieddu, da parte sua, ha assicurato che la riforma andr\u00e0 avanti, anche se nel passaggio dal testo di legge alla realt\u00e0 sono emersi aspetti da approfondire e migliorare. Non c\u2019\u00e8 dubbio, per\u00f2, che la sanit\u00e0 sarda ha molto bisogno delle persone e sarebbero in arrivo novit\u00e0 proprio in materia di personale, sia per gli assunti \u201ccovid\u201d il cui contratti potrebbero essere prorogati almeno fino al prossimo 30 settembre, e le graduatorie degli infermieri che dovrebbero essere sbloccate a breve, sia infine per la mobilit\u00e0 extra Regione di 36 medici, che hanno scelto di rientrare in Sardegna.<\/p>\n\n\n\n<p>Domani la commissione, effettuer\u00e0 die sopralluoghi: alle 10.00 al&nbsp;Presidio Microcitemico della Asl 8 di Cagliari e alle 12.00 al San Michele dell'Arnas Brotzu. Com<\/p>\n","protected":false},"excerpt":{"rendered":"<p>Cagliari, 8 Mar 2022 \u2013 La commissione Sanit\u00e0, presieduta da Antonio Mario Mundula (Fdi) ha ascoltato il nuovo direttore generale dell\u2019Ares Anna Maria Tomasella e&#8230;<\/p>\n","protected":false},"author":2,"featured_media":211561,"comment_status":"closed","ping_status":"open","sticky":false,"template":"","format":"standard","meta":[],"categories":[49,52],"tags":[],"_links":{"self":[{"href":"https:\/\/www.cronacaonline.it\/index.php\/wp-json\/wp\/v2\/posts\/218664"}],"collection":[{"href":"https:\/\/www.cronacaonline.it\/index.php\/wp-json\/wp\/v2\/posts"}],"about":[{"href":"https:\/\/www.cronacaonline.it\/index.php\/wp-json\/wp\/v2\/types\/post"}],"author":[{"embeddable":true,"href":"https:\/\/www.cronacaonline.it\/index.php\/wp-json\/wp\/v2\/users\/2"}],"replies":[{"embeddable":true,"href":"https:\/\/www.cronacaonline.it\/index.php\/wp-json\/wp\/v2\/comments?post=218664"}],"version-history":[{"count":1,"href":"https:\/\/www.cronacaonline.it\/index.php\/wp-json\/wp\/v2\/posts\/218664\/revisions"}],"predecessor-version":[{"id":218665,"href":"https:\/\/www.cronacaonline.it\/index.php\/wp-json\/wp\/v2\/posts\/218664\/revisions\/218665"}],"wp:featuredmedia":[{"embeddable":true,"href":"https:\/\/www.cronacaonline.it\/index.php\/wp-json\/wp\/v2\/media\/211561"}],"wp:attachment":[{"href":"https:\/\/www.cronacaonline.it\/index.php\/wp-json\/wp\/v2\/media?parent=218664"}],"wp:term":[{"taxonomy":"category","embeddable":true,"href":"https:\/\/www.cronacaonline.it\/index.php\/wp-json\/wp\/v2\/categories?post=218664"},{"taxonomy":"post_tag","embeddable":true,"href":"https:\/\/www.cronacaonline.it\/index.php\/wp-json\/wp\/v2\/tags?post=218664"}],"curies":[{"name":"wp","href":"https:\/\/api.w.org\/{rel}","templated":true}]}}