{"id":218656,"date":"2022-03-08T15:38:15","date_gmt":"2022-03-08T14:38:15","guid":{"rendered":"https:\/\/www.cronacaonline.it\/?p=218656"},"modified":"2022-03-08T15:38:16","modified_gmt":"2022-03-08T14:38:16","slug":"otto-marzo-mura-pd-da-mattarella-abbraccio-a-sorelle-ucraine","status":"publish","type":"post","link":"https:\/\/www.cronacaonline.it\/index.php\/2022\/03\/08\/otto-marzo-mura-pd-da-mattarella-abbraccio-a-sorelle-ucraine\/","title":{"rendered":"Otto marzo: Mura (Pd), da Mattarella abbraccio a sorelle ucraine."},"content":{"rendered":"\n<p>Roma, 8 Mar 2022 - \u201cIl presidente Mattarella ha espresso il pensiero e il sentimento di tutto il popolo italiano: con parole chiare e pacate ha indicato quale \u00e8 la parte giusta da cui stare. Le donne ucraine oggi sono il simbolo della sofferenza ma anche della forza di ogni donna di fronte alle prove pi\u00f9 dure e la stretta di mano del presidente alla direttrice Oksana Lyniv \u00e8 stato il nostro abbraccio alle sorelle ucraine in prima linea per la libert\u00e0\u201d.<\/p>\n\n\n\n<p>Lo ha detto la presidente della commissione Lavoro Romina Mura (Pd), che oggi ha partecipato al Palazzo del Quirinale alla celebrazione della Giornata Internazionale della Donna.<\/p>\n","protected":false},"excerpt":{"rendered":"<p>Roma, 8 Mar 2022 &#8211; \u201cIl presidente Mattarella ha espresso il pensiero e il sentimento di tutto il popolo italiano: con parole chiare e pacate&#8230;<\/p>\n","protected":false},"author":2,"featured_media":218657,"comment_status":"closed","ping_status":"open","sticky":false,"template":"","format":"standard","meta":[],"categories":[49,52],"tags":[],"_links":{"self":[{"href":"https:\/\/www.cronacaonline.it\/index.php\/wp-json\/wp\/v2\/posts\/218656"}],"collection":[{"href":"https:\/\/www.cronacaonline.it\/index.php\/wp-json\/wp\/v2\/posts"}],"about":[{"href":"https:\/\/www.cronacaonline.it\/index.php\/wp-json\/wp\/v2\/types\/post"}],"author":[{"embeddable":true,"href":"https:\/\/www.cronacaonline.it\/index.php\/wp-json\/wp\/v2\/users\/2"}],"replies":[{"embeddable":true,"href":"https:\/\/www.cronacaonline.it\/index.php\/wp-json\/wp\/v2\/comments?post=218656"}],"version-history":[{"count":1,"href":"https:\/\/www.cronacaonline.it\/index.php\/wp-json\/wp\/v2\/posts\/218656\/revisions"}],"predecessor-version":[{"id":218658,"href":"https:\/\/www.cronacaonline.it\/index.php\/wp-json\/wp\/v2\/posts\/218656\/revisions\/218658"}],"wp:featuredmedia":[{"embeddable":true,"href":"https:\/\/www.cronacaonline.it\/index.php\/wp-json\/wp\/v2\/media\/218657"}],"wp:attachment":[{"href":"https:\/\/www.cronacaonline.it\/index.php\/wp-json\/wp\/v2\/media?parent=218656"}],"wp:term":[{"taxonomy":"category","embeddable":true,"href":"https:\/\/www.cronacaonline.it\/index.php\/wp-json\/wp\/v2\/categories?post=218656"},{"taxonomy":"post_tag","embeddable":true,"href":"https:\/\/www.cronacaonline.it\/index.php\/wp-json\/wp\/v2\/tags?post=218656"}],"curies":[{"name":"wp","href":"https:\/\/api.w.org\/{rel}","templated":true}]}}