{"id":218626,"date":"2022-03-08T10:20:17","date_gmt":"2022-03-08T09:20:17","guid":{"rendered":"https:\/\/www.cronacaonline.it\/?p=218626"},"modified":"2022-03-08T10:20:24","modified_gmt":"2022-03-08T09:20:24","slug":"giornata-internazionale-della-donna-lassessore-zedda-mondo-femminile-motore-di-progresso-e-sviluppo","status":"publish","type":"post","link":"https:\/\/www.cronacaonline.it\/index.php\/2022\/03\/08\/giornata-internazionale-della-donna-lassessore-zedda-mondo-femminile-motore-di-progresso-e-sviluppo\/","title":{"rendered":"Giornata internazionale della donna, l\u2019assessore Zedda: \u201cmondo femminile motore di progresso e sviluppo\u201d."},"content":{"rendered":"\n<p>Cagliari, 8 Mar 2022 -\u00a0\u201cL\u2019otto marzo rappresenta il tortuoso percorso delle donne verso quella parit\u00e0 di genere ancora oggi largamente inattuata, specie in ambito lavorativo, nonostante le battaglie e le conquiste fatte per l\u2019affermazione della propria libert\u00e0 e dei propri diritti, primo fra tutti quello al lavoro. Resta difficile, spesso impossibile, conciliare il lavoro con la maternit\u00e0 e la gestione della famiglia ed \u00e8 ancora utopia immaginare una parit\u00e0 di accesso al mercato del lavoro, di opportunit\u00e0 di carriera e di parit\u00e0 di salario. Condizioni aggravate nel corso degli ultimi due anni dalla pandemia, che ha amplificato le differenze di genere acuendo le disuguaglianze e portando anche in Sardegna a un incremento della disoccupazione femminile e di difficolt\u00e0 di accesso al mercato del lavoro, specie per le donne immigrate, una risorsa inestimabile per la nostra economia e la nostra societ\u00e0\u201d. Cos\u00ec l\u2019Assessore del Lavoro, Alessandra Zedda, oggi in Consiglio regionale per le celebrazioni della Giornata Internazionale della donna.<\/p>\n\n\n\n<p>In qualit\u00e0 di delegata per l\u2019immigrazione, l\u2019Assessore Zedda rivolge proprio un pensiero alle donne immigrate e, in questo specifico momento storico, alle donne ucraine, esprimendo vicinanza a chi ha lasciato o sta lasciando in queste ore la propria casa e i propri affetti per cercare rifugio e calore umano altrove: \u201cA loro dobbiamo guardare con affetto fraterno, favorendone l\u2019inclusione a ogni livello e operando contro ogni forma di violenza e in favore dei diritti e della libert\u00e0\u201d.<\/p>\n\n\n\n<p>\u201cLa Regione \u00e8 impegnata nel delicato e fondamentale compito di dare gambe a progetti strategici - finanziati con risorse regionali, nazionali ed europee - utili a contrastare il fenomeno della violenza di genere e a dare risalto a tutte quelle attivit\u00e0 che vedono le donne protagoniste, come la maternit\u00e0, lo studio, il lavoro, il volontariato\u201d, spiega, definendo il mondo femminile \u201cvero motore di progresso e sviluppo\u201d.<\/p>\n\n\n\n<p>L\u2019Assessore ricorda anche le diverse iniziative volte alla celebrazione della giornata, in particolare la messa on line sul sito istituzionale di un video inedito e la consegna di materiale sulle donne per le vie della citt\u00e0 di Cagliari, effettuata dai volontari del Servizio Civile delle Acli Con la tavola prodotta dal fumettista Bepi Vigna - slogan \u201cVivere Libere, libere di vivere\u201d \u2013 sono state prodotte magliette, una cornice per foto e delle cartoline\/segnalibro. Il materiale sar\u00e0 utilizzato per animare la citt\u00e0 di Cagliari: i volontari del Servizio Civile delle ACLI indosseranno le magliette realizzate con la grafica scelta per l\u2019occasione girando per il centro della citt\u00e0 consegnando le cartoline\/segnalibro in cambio di una foto, utilizzando la cornice creata ad hoc per l\u2019evento.&nbsp;Red<\/p>\n","protected":false},"excerpt":{"rendered":"<p>Cagliari, 8 Mar 2022 &#8211;\u00a0\u201cL\u2019otto marzo rappresenta il tortuoso percorso delle donne verso quella parit\u00e0 di genere ancora oggi largamente inattuata, specie in ambito lavorativo,&#8230;<\/p>\n","protected":false},"author":2,"featured_media":218627,"comment_status":"closed","ping_status":"open","sticky":false,"template":"","format":"standard","meta":[],"categories":[49,52],"tags":[],"_links":{"self":[{"href":"https:\/\/www.cronacaonline.it\/index.php\/wp-json\/wp\/v2\/posts\/218626"}],"collection":[{"href":"https:\/\/www.cronacaonline.it\/index.php\/wp-json\/wp\/v2\/posts"}],"about":[{"href":"https:\/\/www.cronacaonline.it\/index.php\/wp-json\/wp\/v2\/types\/post"}],"author":[{"embeddable":true,"href":"https:\/\/www.cronacaonline.it\/index.php\/wp-json\/wp\/v2\/users\/2"}],"replies":[{"embeddable":true,"href":"https:\/\/www.cronacaonline.it\/index.php\/wp-json\/wp\/v2\/comments?post=218626"}],"version-history":[{"count":1,"href":"https:\/\/www.cronacaonline.it\/index.php\/wp-json\/wp\/v2\/posts\/218626\/revisions"}],"predecessor-version":[{"id":218628,"href":"https:\/\/www.cronacaonline.it\/index.php\/wp-json\/wp\/v2\/posts\/218626\/revisions\/218628"}],"wp:featuredmedia":[{"embeddable":true,"href":"https:\/\/www.cronacaonline.it\/index.php\/wp-json\/wp\/v2\/media\/218627"}],"wp:attachment":[{"href":"https:\/\/www.cronacaonline.it\/index.php\/wp-json\/wp\/v2\/media?parent=218626"}],"wp:term":[{"taxonomy":"category","embeddable":true,"href":"https:\/\/www.cronacaonline.it\/index.php\/wp-json\/wp\/v2\/categories?post=218626"},{"taxonomy":"post_tag","embeddable":true,"href":"https:\/\/www.cronacaonline.it\/index.php\/wp-json\/wp\/v2\/tags?post=218626"}],"curies":[{"name":"wp","href":"https:\/\/api.w.org\/{rel}","templated":true}]}}