{"id":218607,"date":"2022-03-07T19:50:06","date_gmt":"2022-03-07T18:50:06","guid":{"rendered":"https:\/\/www.cronacaonline.it\/?p=218607"},"modified":"2022-03-07T19:50:08","modified_gmt":"2022-03-07T18:50:08","slug":"giornata-internazionale-della-donna-il-presidente-sardegna-le-donne-forza-della-societa-nellisola-e-nel-mondo","status":"publish","type":"post","link":"https:\/\/www.cronacaonline.it\/index.php\/2022\/03\/07\/giornata-internazionale-della-donna-il-presidente-sardegna-le-donne-forza-della-societa-nellisola-e-nel-mondo\/","title":{"rendered":"Giornata internazionale della donna, il presidente Sardegna: \u201cle donne forza della societ\u00e0 nell\u2019Isola e nel mondo."},"content":{"rendered":"\n<p>Cagliari, 7 Mar 2022 \u2013\u00a0\u201cI diritti delle donne sono ancora oggi un traguardo da conquistare nella nostra societ\u00e0, in campo economico e lavorativo. Nonostante le battaglie combattute in nome della libert\u00e0 e le conquiste ottenute, n\u00e9 i diritti, n\u00e9 talvolta la vita stessa delle donne sono oggi adeguatamente tutelati. Dobbiamo impegnarci per incidere realmente sulla piena e sacrosanta possibilit\u00e0 delle donne di essere lavoratrici, professioniste impegnate nella societ\u00e0 ad ogni livello, senza condizionamenti e sopraffazioni, nell\u2019auspicio che si arrivi quanto prima a una loro piena e paritaria partecipazione nella vita civile, politica, economica e sociale del nostro Paese. La realizzazione della perfetta parit\u00e0 di genere resta al centro dell\u2019agenda politica e istituzionale della Regione\u201d.<\/p>\n\n\n\n<p>Lo ha detto il Presidente della Regione Sardegna alla vigilia della Giornata internazionale della donna, rivolgendo un pensiero e un augurio a tutte le cittadine sarde. \u201cAbbiamo esempi straordinari a cui guardare, donne del passato e del presente incredibilmente moderne e attuali che con la loro vita hanno segnato la storia dell\u2019emancipazione femminile portando in alto il nome della Sardegna nel mondo\u201d, ha detto il Presidente, che ha ricordato non solo figure come il Premio Nobel per la Letteratura, Grazia Deledda, archetipo della donna sarda che seppe narrare al mondo lo spirito pi\u00f9 autentico e profondo della sua terra, mantenendo con la Sardegna un legame indissolubile e un amore incrollabile, ma anche tutte quelle donne che in ogni campo, conquistando prestigio e fama o restando nell\u2019ombra, rappresentano un esempio da seguire per ognuno di noi. Il Presidente ha voluto ricordare il ruolo delle donne come mediatrici e portatrici di pace, il cui impegno nel processo di costruzione di un mondo pi\u00f9 stabile e sicuro \u00e8 riconosciuto e fondamentale, e rivolgendo un pensiero commosso alle donne ucraine, in questo difficile momento, e a tutte le altre donne impegnate nel sociale, che in ogni ambito, con generosit\u00e0 e spirito nobile, donano il loro tempo e impiegano le loro forze per il bene altrui.<\/p>\n\n\n\n<p>\u201cLa giornata dell\u20198 marzo deve essere anche l\u2019occasione per una profonda riflessone sulla drammaticit\u00e0 degli episodi di femminicidio e violenza contro le donne che, come dimostrano i fatti di cronaca, ancora rappresentano una costante dei nostri tempi\u201d, ha proseguito il Presidente, ponendo l\u2019accento sulla necessit\u00e0 sempre pi\u00f9 impellente di prevenire e condannare ogni forma di violenza fisica e psicologica che veda coinvolte le donne e di favorire l\u2019inclusione e la valorizzazione della componente femminile in ogni aspetto della vita, che sia privata, professionale e pubblica. \u201cUomini e donne, uniti, devono sentire forte la necessit\u00e0 di combattere ogni forma di violenza e di discriminazione, che sono causa di arretratezza e mancato sviluppo non solo sociale ma anche economico.<\/p>\n\n\n\n<p>Oggi pi\u00f9 che mai \u2013 ha concluso Solinas - dobbiamo percorrere con decisione e forza di volont\u00e0 ogni strada utile affinch\u00e9 si arrivi a una piena e concreta parit\u00e0 di genere, emblema di una societ\u00e0 che includa le donne e porti in luce il loro ruolo fondamentale nella societ\u00e0.&nbsp;&nbsp;Abbiamo il dovere di lavorare affinch\u00e9 la nostra Isola sia terra di inclusione, di accoglienza e di profondo rispetto, ha concluso il Presidente. Com<\/p>\n","protected":false},"excerpt":{"rendered":"<p>Cagliari, 7 Mar 2022 \u2013\u00a0\u201cI diritti delle donne sono ancora oggi un traguardo da conquistare nella nostra societ\u00e0, in campo economico e lavorativo. Nonostante le&#8230;<\/p>\n","protected":false},"author":2,"featured_media":187128,"comment_status":"closed","ping_status":"open","sticky":false,"template":"","format":"standard","meta":[],"categories":[49,52],"tags":[],"_links":{"self":[{"href":"https:\/\/www.cronacaonline.it\/index.php\/wp-json\/wp\/v2\/posts\/218607"}],"collection":[{"href":"https:\/\/www.cronacaonline.it\/index.php\/wp-json\/wp\/v2\/posts"}],"about":[{"href":"https:\/\/www.cronacaonline.it\/index.php\/wp-json\/wp\/v2\/types\/post"}],"author":[{"embeddable":true,"href":"https:\/\/www.cronacaonline.it\/index.php\/wp-json\/wp\/v2\/users\/2"}],"replies":[{"embeddable":true,"href":"https:\/\/www.cronacaonline.it\/index.php\/wp-json\/wp\/v2\/comments?post=218607"}],"version-history":[{"count":1,"href":"https:\/\/www.cronacaonline.it\/index.php\/wp-json\/wp\/v2\/posts\/218607\/revisions"}],"predecessor-version":[{"id":218608,"href":"https:\/\/www.cronacaonline.it\/index.php\/wp-json\/wp\/v2\/posts\/218607\/revisions\/218608"}],"wp:featuredmedia":[{"embeddable":true,"href":"https:\/\/www.cronacaonline.it\/index.php\/wp-json\/wp\/v2\/media\/187128"}],"wp:attachment":[{"href":"https:\/\/www.cronacaonline.it\/index.php\/wp-json\/wp\/v2\/media?parent=218607"}],"wp:term":[{"taxonomy":"category","embeddable":true,"href":"https:\/\/www.cronacaonline.it\/index.php\/wp-json\/wp\/v2\/categories?post=218607"},{"taxonomy":"post_tag","embeddable":true,"href":"https:\/\/www.cronacaonline.it\/index.php\/wp-json\/wp\/v2\/tags?post=218607"}],"curies":[{"name":"wp","href":"https:\/\/api.w.org\/{rel}","templated":true}]}}