{"id":218593,"date":"2022-03-07T15:46:45","date_gmt":"2022-03-07T14:46:45","guid":{"rendered":"https:\/\/www.cronacaonline.it\/?p=218593"},"modified":"2022-03-07T15:46:48","modified_gmt":"2022-03-07T14:46:48","slug":"strade-assessore-salaris-oltre-30-milioni-per-fare-della-sassari-olbia-la-prima-strada-intelligente-smart-road-della-sardegna-il-presidente-sardo-alta-tecnologia-al-serv","status":"publish","type":"post","link":"https:\/\/www.cronacaonline.it\/index.php\/2022\/03\/07\/strade-assessore-salaris-oltre-30-milioni-per-fare-della-sassari-olbia-la-prima-strada-intelligente-smart-road-della-sardegna-il-presidente-sardo-alta-tecnologia-al-serv\/","title":{"rendered":"Strade, Assessore Salaris: oltre 30 milioni per fare della Sassari-Olbia la prima strada intelligente \u201cSmart road\u201d della Sardegna. Il presidente sardo: \u201calta tecnologia al servizio degli automobilisti sardi\u201d."},"content":{"rendered":"\n<p>Cagliari, 7 Mar4 2022 -\u00a0La Sardegna entro il 2025 avr\u00e0 la sua prima strada intelligente della Sardegna. L\u2019investimento per il quale sono state individuare risorse pari a 30,5 milioni di euro riguarda la Sassari-Olbia, che diventer\u00e0 una strada ad alta tecnologia, connessa in rete per lo scambio di informazioni tra automobilisti e tra questi e l\u2019infrastruttura stradale.<\/p>\n\n\n\n<p>La richiesta della Regione \u00e8 stata approvata la questa mattina dal Cas, Comitato di attuazione e Sorveglianza, organismo di cui fanno parte, tra gli altri, i Ministeri dei trasporti, dell\u2019Ambiente, dei Beni Culturali e l\u2019Agenzia per la coesione territoriale. Nel corso della riunione \u00e8 stato dato incarico ad Anas di progettare e realizzare la strada intelligente, implementando il progetto relativo alla realizzazione del sistema di comunicazione con pannelli a messaggio variabile (gi\u00e0 compreso all\u2019interno del Contratto Istituzionale di Sviluppo, Cis) per arrivare a un progetto tecnologico di pi\u00f9 ampio respiro che faccia della Statale 729 la prima strada intelligente della Sardegna.<\/p>\n\n\n\n<p>\u201cOggi possiamo immaginare un futuro diverso sulle strade della Sardegna, la cui mobilit\u00e0 sar\u00e0 pi\u00f9 sicura e pi\u00f9 efficiente grazie alla connessione tra i veicoli\u201d, ha affermato in una nota l\u2019Assessore dei Lavori Pubblici, Aldo Salaris, che ha definito quello sulla futura Sassari Olbia come un \u201cintervento di pubblica utilit\u00e0\u201d, cos\u00ec come riconosciuto dal Ministero dei Trasporti. \u201cLa Sassari-Olbia sar\u00e0 la prima strada dell\u2019Isola attrezzata con tecnologie che consentiranno lo scambio di informazioni infrastruttura-utenti e il dialogo fra gli utenti stessi \u2013 ha proseguito l\u2019esponente della Giunta Solinas - Uno straordinario risultato frutto della perseveranza, dell\u2019impegno e della volont\u00e0 di arrivare a soluzioni sempre pi\u00f9 avanzate per il bene della Sardegna e dei sardi\u201d.<\/p>\n\n\n\n<p>\u201cSiamo orgogliosi di portare a compimento un progetto nato nel corso di questa Legislatura. Oggi facciamo un importante passo avanti sulla sicurezza e sull\u2019efficienza di una delle principali arterie sarde\u201d, ha aggiunto il Presidente della Regione Sardegna. \u201cDotare la Sardegna di infrastrutture stradali all\u2019altezza delle sfide future \u00e8 il pi\u00f9 importante strumento che possiamo utilizzare nella lotta all\u2019isolamento dei territori \u2013 ha proseguito il Presidente - L\u2019utilizzo delle nuove tecnologie si tradurr\u00e0 in maggiori servizi per gli automobilisti sardi, agevoler\u00e0 gli spostamenti e li render\u00e0 pi\u00f9 sicuri grazie alla comunicazione e la connessione con i veicoli, a tutto vantaggio di chi percorrer\u00e0 quella strada\u201d.<\/p>\n\n\n\n<p>La Sassari Olbia sar\u00e0 dotata di un sistema basato sullo scambio di informazioni tra veicolo e infrastruttura attraverso una serie di sensori che raccolgono in tempo reale i dati di traffico, strada e ambiente circostante e li trasmettono attraverso la fibra ottica a un apposito sistema di gestione che elabora le informazioni raccolte sia per il monitoraggio del traffico e sia per la comunicazione all\u2019utenza. La strada oltre ad aumentare sensibilmente il livello di conoscenza del traffico e delle condizioni dell\u2019infrastruttura viaria consentir\u00e0 anche un evidente miglioramento della sicurezza stradale perch\u00e9 fornir\u00e0 agli utenti aggiornamenti sulla percorribilit\u00e0 delle strade<\/p>\n\n\n\n<p>Il Comitato di attuazione e sorveglianza ha anche dato il via libera allo stanziamento di ulteriori 4,5 milioni di euro per completare la bitumazione delle strade complanari, cos\u00ec come fortemente richiesto dai Comuni. Red<\/p>\n","protected":false},"excerpt":{"rendered":"<p>Cagliari, 7 Mar4 2022 &#8211;\u00a0La Sardegna entro il 2025 avr\u00e0 la sua prima strada intelligente della Sardegna. L\u2019investimento per il quale sono state individuare risorse&#8230;<\/p>\n","protected":false},"author":2,"featured_media":207796,"comment_status":"closed","ping_status":"open","sticky":false,"template":"","format":"standard","meta":[],"categories":[49,52],"tags":[],"_links":{"self":[{"href":"https:\/\/www.cronacaonline.it\/index.php\/wp-json\/wp\/v2\/posts\/218593"}],"collection":[{"href":"https:\/\/www.cronacaonline.it\/index.php\/wp-json\/wp\/v2\/posts"}],"about":[{"href":"https:\/\/www.cronacaonline.it\/index.php\/wp-json\/wp\/v2\/types\/post"}],"author":[{"embeddable":true,"href":"https:\/\/www.cronacaonline.it\/index.php\/wp-json\/wp\/v2\/users\/2"}],"replies":[{"embeddable":true,"href":"https:\/\/www.cronacaonline.it\/index.php\/wp-json\/wp\/v2\/comments?post=218593"}],"version-history":[{"count":1,"href":"https:\/\/www.cronacaonline.it\/index.php\/wp-json\/wp\/v2\/posts\/218593\/revisions"}],"predecessor-version":[{"id":218594,"href":"https:\/\/www.cronacaonline.it\/index.php\/wp-json\/wp\/v2\/posts\/218593\/revisions\/218594"}],"wp:featuredmedia":[{"embeddable":true,"href":"https:\/\/www.cronacaonline.it\/index.php\/wp-json\/wp\/v2\/media\/207796"}],"wp:attachment":[{"href":"https:\/\/www.cronacaonline.it\/index.php\/wp-json\/wp\/v2\/media?parent=218593"}],"wp:term":[{"taxonomy":"category","embeddable":true,"href":"https:\/\/www.cronacaonline.it\/index.php\/wp-json\/wp\/v2\/categories?post=218593"},{"taxonomy":"post_tag","embeddable":true,"href":"https:\/\/www.cronacaonline.it\/index.php\/wp-json\/wp\/v2\/tags?post=218593"}],"curies":[{"name":"wp","href":"https:\/\/api.w.org\/{rel}","templated":true}]}}