{"id":218536,"date":"2022-03-05T15:37:21","date_gmt":"2022-03-05T14:37:21","guid":{"rendered":"https:\/\/www.cronacaonline.it\/?p=218536"},"modified":"2022-03-05T15:37:23","modified_gmt":"2022-03-05T14:37:23","slug":"archeologika-2022-assessore-chessa-a-settembre-storia-e-cultura-della-sardegna-in-vetrina-a-cagliari-un-contributo-allo-sviluppo-del-turismo","status":"publish","type":"post","link":"https:\/\/www.cronacaonline.it\/index.php\/2022\/03\/05\/archeologika-2022-assessore-chessa-a-settembre-storia-e-cultura-della-sardegna-in-vetrina-a-cagliari-un-contributo-allo-sviluppo-del-turismo\/","title":{"rendered":"Archeologika 2022, assessore Chessa: &#8216;a settembre, storia e cultura della Sardegna in vetrina a Cagliari, un contributo allo sviluppo del turismo&#8217;."},"content":{"rendered":"\n<p>Cabras, 5 Mar 2022 - \"Due giorni di dibattito per rilanciare il tema del patrimonio archeologico della Sardegna, in vista dell'evento che lo vedr\u00e0 assoluto protagonista a settembre nella passeggiata coperta del Bastione di Saint Remy a Cagliari\". Lo ha affermato l'assessore regionale del Turismo, Gianni Chessa, durante il suo intervento al convegno \"Verso Archeologika 2022\", organizzato dalla Fondazione Mont 'e Prama, che si \u00e8 svolto nel Centro polivalente di Cabras, e al quale ha partecipato anche l'assessore dell'Agricoltura, Gabriella Murgia.<\/p>\n\n\n\n<p>\"Il successo della mostra archeologica 'Sardegna Isola Megalitica' a Berlino e San Pietroburgo (finora oltre 213mila visitatori), oltre all'interesse dimostrato dalle autorit\u00e0 greche a Salonicco, dove la mostra \u00e8 in corso - ha aggiunto l'assessore Chessa - dimostrano come storia e cultura della Sardegna rappresentano un enorme tesoro che pu\u00f2 contribuire anche allo sviluppo del turismo. Insieme ai beni ambientali, dobbiamo sviluppare altri settori per incrementare e destagionalizzare i flussi turistici, come \u00e8 avvenuto col progetto 'Sardegna, isola dello sport'. Infatti, mentre tutti arretravano, a causa dell'emergenza sanitaria, noi abbiamo realizzato importanti investimenti per eventi sportivi internazionali e i risultati sono arrivati\".<\/p>\n\n\n\n<p>\"Archeologika 2022\", organizzata dall'Assessorato regionale del Turismo in collaborazione con la Fondazione Mont 'e Prama, sar\u00e0 realizzata con percorsi multimediali, ricostruzioni in 3D, megaschermi, momenti di realt\u00e0 virtuale immersiva, stand, insieme ad un work shop sul turismo archeologico e momenti di confronto e di divulgazione.<\/p>\n\n\n\n<p>\"Per l'evento del prossimo autunno, fortemente voluto anche dal presidente della Sardegna che crede molto nel turismo archeologico, siamo riusciti a fare sistema, mettendo insieme tutte le professionalit\u00e0 del settore per un obiettivo comune. Sar\u00e0 un'ottima occasione per lanciare in campo internazionale, al cospetto di studiosi e giornalisti specializzati, italiani e stranieri, le eccellenze archeologiche della nostra Isola e una grande opportunit\u00e0 per far parlare della Sardegna in tutto il mondo. Grazie alle potenzialit\u00e0 del patrimonio storico, culturale e archeologico, alle eccellenze della nostra identit\u00e0, puntiamo ad una Sardegna pi\u00f9 attrattiva nel mercato turistico mondiale\", ha concluso l'esponente della Giunta Sarda. Com<\/p>\n","protected":false},"excerpt":{"rendered":"<p>Cabras, 5 Mar 2022 &#8211; &#8220;Due giorni di dibattito per rilanciare il tema del patrimonio archeologico della Sardegna, in vista dell&#8217;evento che lo vedr\u00e0 assoluto&#8230;<\/p>\n","protected":false},"author":2,"featured_media":218537,"comment_status":"closed","ping_status":"open","sticky":false,"template":"","format":"standard","meta":[],"categories":[49,52],"tags":[],"_links":{"self":[{"href":"https:\/\/www.cronacaonline.it\/index.php\/wp-json\/wp\/v2\/posts\/218536"}],"collection":[{"href":"https:\/\/www.cronacaonline.it\/index.php\/wp-json\/wp\/v2\/posts"}],"about":[{"href":"https:\/\/www.cronacaonline.it\/index.php\/wp-json\/wp\/v2\/types\/post"}],"author":[{"embeddable":true,"href":"https:\/\/www.cronacaonline.it\/index.php\/wp-json\/wp\/v2\/users\/2"}],"replies":[{"embeddable":true,"href":"https:\/\/www.cronacaonline.it\/index.php\/wp-json\/wp\/v2\/comments?post=218536"}],"version-history":[{"count":1,"href":"https:\/\/www.cronacaonline.it\/index.php\/wp-json\/wp\/v2\/posts\/218536\/revisions"}],"predecessor-version":[{"id":218539,"href":"https:\/\/www.cronacaonline.it\/index.php\/wp-json\/wp\/v2\/posts\/218536\/revisions\/218539"}],"wp:featuredmedia":[{"embeddable":true,"href":"https:\/\/www.cronacaonline.it\/index.php\/wp-json\/wp\/v2\/media\/218537"}],"wp:attachment":[{"href":"https:\/\/www.cronacaonline.it\/index.php\/wp-json\/wp\/v2\/media?parent=218536"}],"wp:term":[{"taxonomy":"category","embeddable":true,"href":"https:\/\/www.cronacaonline.it\/index.php\/wp-json\/wp\/v2\/categories?post=218536"},{"taxonomy":"post_tag","embeddable":true,"href":"https:\/\/www.cronacaonline.it\/index.php\/wp-json\/wp\/v2\/tags?post=218536"}],"curies":[{"name":"wp","href":"https:\/\/api.w.org\/{rel}","templated":true}]}}