{"id":218532,"date":"2022-03-05T15:05:33","date_gmt":"2022-03-05T14:05:33","guid":{"rendered":"https:\/\/www.cronacaonline.it\/?p=218532"},"modified":"2022-03-05T15:05:35","modified_gmt":"2022-03-05T14:05:35","slug":"enti-locali-assessore-fasolino-misura-straordinaria-per-lutilizzo-di-risorse-extra-presenti-nei-bilanci-dei-comuni-il-presidente-sardegna-massimo-impegno-per-la","status":"publish","type":"post","link":"https:\/\/www.cronacaonline.it\/index.php\/2022\/03\/05\/enti-locali-assessore-fasolino-misura-straordinaria-per-lutilizzo-di-risorse-extra-presenti-nei-bilanci-dei-comuni-il-presidente-sardegna-massimo-impegno-per-la\/","title":{"rendered":"Enti locali, Assessore Fasolino: misura straordinaria per l\u2019utilizzo di risorse \u201cextra\u201d presenti nei bilanci dei comuni. Il presidente Sardegna: \u201cmassimo impegno per la rinascita dei territori\u201d."},"content":{"rendered":"\n<p>Cagliari, 5 Mar 2022 \u2013\u00a0Ancora una misura straordinaria prevista dalla Giunta regionale e ora attivata dall\u2019Assessorato del Bilancio in favore degli Enti locali per l\u2019utilizzo in progetti di sviluppo di quelle risorse giacenti nei bilanci dei Comuni (come quelle derivanti dai ribassi d\u2019asta), che in alternativa sarebbero dovute essere restituite. I Comuni potranno utilizzare le risorse sussistenti nei loro bilanci (riferite a finanziamenti su programmi cofinanziati da risorse dell'Unione europea e nazionali) per realizzare interventi ritenuti strategici.<\/p>\n\n\n\n<p>\u201cOggi \u2013 ha spiegato in una nota l\u2019Assessore della Programmazione e Bilancio, Giuseppe Fasolino \u2013 grazie anche agli interventi previsti con la Finanziaria recentemente approvata dal Consiglio regionale, possiamo pensare a una rivitalizzazione dei piccoli Comuni perch\u00e9 diamo la possibilit\u00e0 alle famiglie e alle imprese di vivere appieno quelle realt\u00e0 territoriali che a causa dell\u2019invecchiamento della popolazione e dell\u2019esodo giovanile rischiano di morire\u201d. Il Centro Regionale di Programmazione ha attivato la procedura per la ricezione delle domande per l'utilizzo delle risorse sussistenti nei loro bilanci trasferite in attuazione di programmi cofinanziati dall'Unione europea, relativi a tutti i cicli di programmazione chiusi fino al periodo 2007\/2013 compreso.<\/p>\n\n\n\n<p>In altre parole, gli Enti locali potranno impiegare eventuali economie dei cicli di programmazione europea in un\u2019ottica di programmazione unitaria. \u201cDiamo un altro importante segnale di vicinanza alle Comunit\u00e0 \u2013 ha aggiunto il Presidente Sardegna \u2013 I Comuni avranno la possibilit\u00e0 di portare a compimento progetti strategici per migliorare la vivibilit\u00e0 e l\u2019attrattivit\u00e0 dei propri territori o, addirittura, di proporne di nuovi in un\u2019ottica di pianificazione ottimale e sviluppo economico\u201d. Si tratta dell\u2019ultima di una lunga serie di misure messe in campo dalla Regione in favore della crescita dei territori. \u201cLa Sardegna per la prima volta ha la possibilit\u00e0 di combattere con forza e decisione mali atavici come lo spopolamento dei territori e l\u2019isolamento - ha proseguito il Presidente - cui sono strettamente legati fenomeni sempre pi\u00f9 allarmanti come l\u2019esodo giovanile e la progressiva perdita di attrattivit\u00e0 dei territori, specialmente delle aree considerate marginali e dei piccoli Comuni\u201d.<\/p>\n\n\n\n<p>Gli interventi proposti devono essere coerenti con la programmazione unitaria regionale e in particolare possono riguardare investimenti materiali e immateriali di completamento, in continuit\u00e0, o che rispettino le finalit\u00e0 del finanziamento originario; interventi coerenti con la strategia della programmazione territoriale regionale in atto nel territorio; interventi di contrasto agli effetti derivanti dalla pandemia, opportunamente motivati.<\/p>\n\n\n\n<p>Le manifestazioni di interesse dovranno essere presentate fino alle ore 14:00 del 15 marzo, utilizzando l\u2019apposito sistema informatico Sipes della Regione Autonoma della Sardegna. Com<\/p>\n","protected":false},"excerpt":{"rendered":"<p>Cagliari, 5 Mar 2022 \u2013\u00a0Ancora una misura straordinaria prevista dalla Giunta regionale e ora attivata dall\u2019Assessorato del Bilancio in favore degli Enti locali per l\u2019utilizzo&#8230;<\/p>\n","protected":false},"author":2,"featured_media":216420,"comment_status":"closed","ping_status":"open","sticky":false,"template":"","format":"standard","meta":[],"categories":[49,52],"tags":[],"_links":{"self":[{"href":"https:\/\/www.cronacaonline.it\/index.php\/wp-json\/wp\/v2\/posts\/218532"}],"collection":[{"href":"https:\/\/www.cronacaonline.it\/index.php\/wp-json\/wp\/v2\/posts"}],"about":[{"href":"https:\/\/www.cronacaonline.it\/index.php\/wp-json\/wp\/v2\/types\/post"}],"author":[{"embeddable":true,"href":"https:\/\/www.cronacaonline.it\/index.php\/wp-json\/wp\/v2\/users\/2"}],"replies":[{"embeddable":true,"href":"https:\/\/www.cronacaonline.it\/index.php\/wp-json\/wp\/v2\/comments?post=218532"}],"version-history":[{"count":1,"href":"https:\/\/www.cronacaonline.it\/index.php\/wp-json\/wp\/v2\/posts\/218532\/revisions"}],"predecessor-version":[{"id":218533,"href":"https:\/\/www.cronacaonline.it\/index.php\/wp-json\/wp\/v2\/posts\/218532\/revisions\/218533"}],"wp:featuredmedia":[{"embeddable":true,"href":"https:\/\/www.cronacaonline.it\/index.php\/wp-json\/wp\/v2\/media\/216420"}],"wp:attachment":[{"href":"https:\/\/www.cronacaonline.it\/index.php\/wp-json\/wp\/v2\/media?parent=218532"}],"wp:term":[{"taxonomy":"category","embeddable":true,"href":"https:\/\/www.cronacaonline.it\/index.php\/wp-json\/wp\/v2\/categories?post=218532"},{"taxonomy":"post_tag","embeddable":true,"href":"https:\/\/www.cronacaonline.it\/index.php\/wp-json\/wp\/v2\/tags?post=218532"}],"curies":[{"name":"wp","href":"https:\/\/api.w.org\/{rel}","templated":true}]}}