{"id":218509,"date":"2022-03-04T19:02:11","date_gmt":"2022-03-04T18:02:11","guid":{"rendered":"https:\/\/www.cronacaonline.it\/?p=218509"},"modified":"2022-03-04T19:02:13","modified_gmt":"2022-03-04T18:02:13","slug":"medici-di-medicina-generale-pubblicate-le-graduatorie-per-lassegnazione-delle-sedi-vacanti","status":"publish","type":"post","link":"https:\/\/www.cronacaonline.it\/index.php\/2022\/03\/04\/medici-di-medicina-generale-pubblicate-le-graduatorie-per-lassegnazione-delle-sedi-vacanti\/","title":{"rendered":"Medici di medicina generale: pubblicate le graduatorie per l&#8217;assegnazione delle sedi vacanti."},"content":{"rendered":"\n<p><br>Cagliari, 4 Mar 2022 \u2013\u00a0Sono on-line e pubblicate nell\u2019albo pretorio del sito di Ares Sardegna le graduatorie dei medici di famiglia che hanno risposto all\u2019ultimo bando regionale per l\u2019assegnazione di incarichi a tempo indeterminato nelle sedi divenute vacanti nell\u2019anno 2020. Il bando, cos\u00ec come previsto, era stato integrato a dicembre con la riproposizione di tutte le sedi del 2019, rimaste ancora vacanti al termine delle procedure di assegnazione relative a quell\u2019an<\/p>\n\n\n\n<p>Complessivamente sono 101 i medici che hanno fatto domanda per i diversi ambiti territoriali e inseriti nelle graduatorie.<\/p>\n\n\n\n<p>\u201cEntro la fine del mese \u2013 dichiara l\u2019assessore regionale della Sanit\u00e0, Mario Nieddu \u2013 gli elenchi saranno definitivi e si proceder\u00e0 all\u2019assegnazione vera e propria delle diverse sedi. L\u2019auspicio \u00e8 che la percentuale di rinunce da parte di chi non riuscir\u00e0 ad avere un incarico nella sede desiderata sia bassa e che si possa cos\u00ec arrivare a coprire il maggior numero di sedi possibili\u201d.<\/p>\n\n\n\n<p>\u201cIn ogni caso \u2013 precisa l\u2019assessore Nieddu \u2013 tutti gli ambiti che dovessero risultare ancora scoperti al termine delle procedure attualmente in corso torneranno a bando quest\u2019anno con l\u2019avviso per l\u2019assegnazione di tutte le sedi rimaste senza medico di famiglia nel 2021\u201d.<\/p>\n\n\n\n<p>L\u2019esponete della Giunta sarda sottolinea che \u201cQuello dell\u2019assistenza primaria \u00e8 oggi un tema della massima priorit\u00e0, le cui criticit\u00e0 investono l\u2019intero territorio nazionale. Per garantire la copertura dei medici di famiglia, ovunque in Sardegna, stiamo mettendo in campo ogni strumento a nostra disposizione e siamo riusciti a recuperare i pesanti ritardi accumulati in passato. La speranza \u00e8 soprattutto che i medici accettino gli incarichi nelle sedi pi\u00f9 disagiate, per le quali abbiamo previsto incentivi con uno stanziamento di 2 milioni di euro l\u2019anno nell\u2019ultima finanziaria\u201d. Com<\/p>\n","protected":false},"excerpt":{"rendered":"<p>Cagliari, 4 Mar 2022 \u2013\u00a0Sono on-line e pubblicate nell\u2019albo pretorio del sito di Ares Sardegna le graduatorie dei medici di famiglia che hanno risposto all\u2019ultimo&#8230;<\/p>\n","protected":false},"author":2,"featured_media":192659,"comment_status":"closed","ping_status":"open","sticky":false,"template":"","format":"standard","meta":[],"categories":[49,52],"tags":[],"_links":{"self":[{"href":"https:\/\/www.cronacaonline.it\/index.php\/wp-json\/wp\/v2\/posts\/218509"}],"collection":[{"href":"https:\/\/www.cronacaonline.it\/index.php\/wp-json\/wp\/v2\/posts"}],"about":[{"href":"https:\/\/www.cronacaonline.it\/index.php\/wp-json\/wp\/v2\/types\/post"}],"author":[{"embeddable":true,"href":"https:\/\/www.cronacaonline.it\/index.php\/wp-json\/wp\/v2\/users\/2"}],"replies":[{"embeddable":true,"href":"https:\/\/www.cronacaonline.it\/index.php\/wp-json\/wp\/v2\/comments?post=218509"}],"version-history":[{"count":1,"href":"https:\/\/www.cronacaonline.it\/index.php\/wp-json\/wp\/v2\/posts\/218509\/revisions"}],"predecessor-version":[{"id":218510,"href":"https:\/\/www.cronacaonline.it\/index.php\/wp-json\/wp\/v2\/posts\/218509\/revisions\/218510"}],"wp:featuredmedia":[{"embeddable":true,"href":"https:\/\/www.cronacaonline.it\/index.php\/wp-json\/wp\/v2\/media\/192659"}],"wp:attachment":[{"href":"https:\/\/www.cronacaonline.it\/index.php\/wp-json\/wp\/v2\/media?parent=218509"}],"wp:term":[{"taxonomy":"category","embeddable":true,"href":"https:\/\/www.cronacaonline.it\/index.php\/wp-json\/wp\/v2\/categories?post=218509"},{"taxonomy":"post_tag","embeddable":true,"href":"https:\/\/www.cronacaonline.it\/index.php\/wp-json\/wp\/v2\/tags?post=218509"}],"curies":[{"name":"wp","href":"https:\/\/api.w.org\/{rel}","templated":true}]}}