{"id":218502,"date":"2022-03-04T16:24:34","date_gmt":"2022-03-04T15:24:34","guid":{"rendered":"https:\/\/www.cronacaonline.it\/?p=218502"},"modified":"2022-03-04T16:24:36","modified_gmt":"2022-03-04T15:24:36","slug":"balneari-assessore-sanna-salvaguardare-le-imprese-sarde-che-danno-lustro-allisola-e-lavoro-ai-sardi","status":"publish","type":"post","link":"https:\/\/www.cronacaonline.it\/index.php\/2022\/03\/04\/balneari-assessore-sanna-salvaguardare-le-imprese-sarde-che-danno-lustro-allisola-e-lavoro-ai-sardi\/","title":{"rendered":"Balneari, assessore Sanna: &#8216;salvaguardare le imprese sarde che danno lustro all&#8217;isola e lavoro ai sardi&#8217;."},"content":{"rendered":"\n<p>Cagliari, 4 Mar 2022\u00a0- \"Ho sempre manifestato, anche con azioni concrete e di indirizzo istituzionale, la decisa e ferma difesa delle aziende balneari sarde che rischiano di finire sul lastrico per una normativa europea che si ostina a non riconoscere le concessioni come beni e non come servizi\". Lo ha detto l'assessore regionale degli Enti locali, Quirico Sanna, in occasione della manifestazione che si terr\u00e0 gioved\u00ec a Roma, per esprimere la piena solidariet\u00e0 e vicinanza alla lotta per la tutela delle aziende balneari e confermare la sua disponibilit\u00e0 a collaborare per intraprendere \"azioni utili alla salvaguardia delle imprese sarde che danno lustro all'Isola e lavoro a migliaia di sardi\".<\/p>\n\n\n\n<p>\"L'ostinata posizione europea rischia di colpire migliaia di famiglie che traggono, con grande sacrificio, sostentamento dalle proprie realt\u00e0 aziendali - ha aggiunto l'assessore Sanna - Esiste anche il concreto rischio che le aziende balneari sarde, vere eccellenze di un turismo altamente qualificato, possano essere penalizzate a vantaggio di chi ha una visione turistica speculativa e non di qualit\u00e0, come quella a cui punta la Regione Sardegna\".<\/p>\n\n\n\n<p>\"Il rischio che il sistema dell\u2019accoglienza turistica regionale sia destabilizzato e dequalificato \u00e8 concreto. Voglio esprimere il massimo sostegno a tutte le azioni concrete che saranno intraprese per tutelare il diritto al lavoro e gli standard qualitativi della offerta turistico-balneare della Sardegna e del resto del paese. Da sempre, con l\u2019azione amministrativa e politica dell'Assessorato, abbiamo mostrato vicinanza sia ai balneari che alle sigle sindacali, abbiamo cercato e proposto soluzioni per difendere il comparto delle aziende balneari, colonna portante dello sviluppo turistico della Sardegna\", ha concluso l\u2019esponente della Giunta della Sardegna. Com<\/p>\n","protected":false},"excerpt":{"rendered":"<p>Cagliari, 4 Mar 2022\u00a0&#8211; &#8220;Ho sempre manifestato, anche con azioni concrete e di indirizzo istituzionale, la decisa e ferma difesa delle aziende balneari sarde che&#8230;<\/p>\n","protected":false},"author":2,"featured_media":208042,"comment_status":"closed","ping_status":"open","sticky":false,"template":"","format":"standard","meta":[],"categories":[49,52],"tags":[],"_links":{"self":[{"href":"https:\/\/www.cronacaonline.it\/index.php\/wp-json\/wp\/v2\/posts\/218502"}],"collection":[{"href":"https:\/\/www.cronacaonline.it\/index.php\/wp-json\/wp\/v2\/posts"}],"about":[{"href":"https:\/\/www.cronacaonline.it\/index.php\/wp-json\/wp\/v2\/types\/post"}],"author":[{"embeddable":true,"href":"https:\/\/www.cronacaonline.it\/index.php\/wp-json\/wp\/v2\/users\/2"}],"replies":[{"embeddable":true,"href":"https:\/\/www.cronacaonline.it\/index.php\/wp-json\/wp\/v2\/comments?post=218502"}],"version-history":[{"count":1,"href":"https:\/\/www.cronacaonline.it\/index.php\/wp-json\/wp\/v2\/posts\/218502\/revisions"}],"predecessor-version":[{"id":218503,"href":"https:\/\/www.cronacaonline.it\/index.php\/wp-json\/wp\/v2\/posts\/218502\/revisions\/218503"}],"wp:featuredmedia":[{"embeddable":true,"href":"https:\/\/www.cronacaonline.it\/index.php\/wp-json\/wp\/v2\/media\/208042"}],"wp:attachment":[{"href":"https:\/\/www.cronacaonline.it\/index.php\/wp-json\/wp\/v2\/media?parent=218502"}],"wp:term":[{"taxonomy":"category","embeddable":true,"href":"https:\/\/www.cronacaonline.it\/index.php\/wp-json\/wp\/v2\/categories?post=218502"},{"taxonomy":"post_tag","embeddable":true,"href":"https:\/\/www.cronacaonline.it\/index.php\/wp-json\/wp\/v2\/tags?post=218502"}],"curies":[{"name":"wp","href":"https:\/\/api.w.org\/{rel}","templated":true}]}}