{"id":218487,"date":"2022-03-04T14:33:26","date_gmt":"2022-03-04T13:33:26","guid":{"rendered":"https:\/\/www.cronacaonline.it\/?p=218487"},"modified":"2022-03-04T14:33:28","modified_gmt":"2022-03-04T13:33:28","slug":"tempio-assessore-salaris-e-binacareddu-inaugurato-primo-tratto-di-collegamento-verso-la-strada-provinciale-aglientu","status":"publish","type":"post","link":"https:\/\/www.cronacaonline.it\/index.php\/2022\/03\/04\/tempio-assessore-salaris-e-binacareddu-inaugurato-primo-tratto-di-collegamento-verso-la-strada-provinciale-aglientu\/","title":{"rendered":"Tempio, Assessore Salaris e Binacareddu: inaugurato primo tratto di collegamento verso la strada provinciale Aglientu."},"content":{"rendered":"\n<p>Cagliari, 4 Mar 2022 -\u00a0\u00c8 stato aperto al traffico oggi, alla presenza degli Assessori dei Lavori Pubblici, Aldo Salaris, e della Cultura, Andrea Biancareddu, il secondo stralcio funzionale del tratto di collegamento Tempio \u2013 Strada Provinciale 5 per Aglientu. \u201cOggi compiamo un ulteriore passo avanti nel processo di ammodernamento della rete viaria del Nord Sardegna\u201d, ha spiegato l\u2019Assessore Salaris, evidenziando l\u2019impegno della Regione per la messa in sicurezza delle strade.<\/p>\n\n\n\n<p>Il tratto in questione \u2013 prima parte del Lotto 2 che va dal km 1+725 al km 2+292 della SS 133 di Palau - \u00e8 parte del pi\u00f9 ampio progetto che permetter\u00e0 di collegare Tempio con la Strada provinciale per Aglientu consentendo di ridurre la tortuosit\u00e0 del tracciato esistente sulla 133 alla quale si integra sostituendola per un tratto di circa 570 metri realizzato quasi interamente fuorisede in destra sulla direttrice verso Nord. Il progetto \u00e8 stato inserito nella delibera Cipess recentemente approvata dal Consiglio dei Ministri, che destina al quarto lotto dell\u2019opera 27 milioni di euro e ammette anche il primo lotto (sono in fase di verifica i requisiti) per un finanziamento che supera i 5 milioni di euro.<\/p>\n\n\n\n<p>\u201cQuesto intervento in particolare, realizzato con un finanziamento regionale di 2 milioni di euro, ci permette di migliorare il collegamento tra una citt\u00e0 importante come Tempio e un territorio strategico, specie in termini turistici, con caratteristiche paesaggistiche straordinarie \u2013 ha spiegato l\u2019Assessore Salaris - Realizzare nuove opere stradali e mantenere efficiente la rete \u00e8 un compito fondamentale&nbsp;&nbsp;che ci vede impegnati con risorse e progetti messi in campo a sostegno delle Comunit\u00e0, in un\u2019ottica di efficientamento e continuo miglioramento degli standard di percorribilit\u00e0 e sicurezza\u201d, ha concluso l\u2019Assessore Salaris.<\/p>\n\n\n\n<p>Poco prima del taglio del nastro \u00e8 stato Don Cesare Nicolai, viceparroco della citt\u00e0 di Tempio, a benedire la strada risvolgendo un particolare pensiero e la benedizione anche a chi la percorrer\u00e0.<\/p>\n\n\n\n<p>Pi\u00f9 servizi, specie per gli studenti, maggiore sicurezza e una miglior connessione tra i territori sono i punti evidenziati dell\u2019Assessore della Cultura, Andrea Biancareddu. \u201cSi tratta di un tratto di strada che avvicina Tempio al mare, dato che collega la citt\u00e0 con Santa Teresa e Palau, e che apporter\u00e0 benefici significativi e diretti alla Comunit\u00e0 \u2013 ha spiegato l\u2019Assessore Biancareddu - Da oggi possiamo contare su una viabilit\u00e0 pi\u00f9 comoda e sicura, un servizio in pi\u00f9 anche per i ragazzi che studiano. Quando la strada verr\u00e0 completata sulla base del progetto complessivo, Tempio potr\u00e0 contare su un\u2019opera strategica anche in termini turistici, oltre che di collegamento tra le zone interne e il mare\u201d, ha concluso l\u2019esponente della Giunta Sarda. Com<\/p>\n","protected":false},"excerpt":{"rendered":"<p>Cagliari, 4 Mar 2022 &#8211;\u00a0\u00c8 stato aperto al traffico oggi, alla presenza degli Assessori dei Lavori Pubblici, Aldo Salaris, e della Cultura, Andrea Biancareddu, il&#8230;<\/p>\n","protected":false},"author":2,"featured_media":210275,"comment_status":"closed","ping_status":"open","sticky":false,"template":"","format":"standard","meta":[],"categories":[49,52],"tags":[],"_links":{"self":[{"href":"https:\/\/www.cronacaonline.it\/index.php\/wp-json\/wp\/v2\/posts\/218487"}],"collection":[{"href":"https:\/\/www.cronacaonline.it\/index.php\/wp-json\/wp\/v2\/posts"}],"about":[{"href":"https:\/\/www.cronacaonline.it\/index.php\/wp-json\/wp\/v2\/types\/post"}],"author":[{"embeddable":true,"href":"https:\/\/www.cronacaonline.it\/index.php\/wp-json\/wp\/v2\/users\/2"}],"replies":[{"embeddable":true,"href":"https:\/\/www.cronacaonline.it\/index.php\/wp-json\/wp\/v2\/comments?post=218487"}],"version-history":[{"count":1,"href":"https:\/\/www.cronacaonline.it\/index.php\/wp-json\/wp\/v2\/posts\/218487\/revisions"}],"predecessor-version":[{"id":218488,"href":"https:\/\/www.cronacaonline.it\/index.php\/wp-json\/wp\/v2\/posts\/218487\/revisions\/218488"}],"wp:featuredmedia":[{"embeddable":true,"href":"https:\/\/www.cronacaonline.it\/index.php\/wp-json\/wp\/v2\/media\/210275"}],"wp:attachment":[{"href":"https:\/\/www.cronacaonline.it\/index.php\/wp-json\/wp\/v2\/media?parent=218487"}],"wp:term":[{"taxonomy":"category","embeddable":true,"href":"https:\/\/www.cronacaonline.it\/index.php\/wp-json\/wp\/v2\/categories?post=218487"},{"taxonomy":"post_tag","embeddable":true,"href":"https:\/\/www.cronacaonline.it\/index.php\/wp-json\/wp\/v2\/tags?post=218487"}],"curies":[{"name":"wp","href":"https:\/\/api.w.org\/{rel}","templated":true}]}}