{"id":218473,"date":"2022-03-04T14:17:45","date_gmt":"2022-03-04T13:17:45","guid":{"rendered":"https:\/\/www.cronacaonline.it\/?p=218473"},"modified":"2022-03-04T14:17:47","modified_gmt":"2022-03-04T13:17:47","slug":"il-sindaco-di-cagliari-paolo-truzzu-incontra-lambasciatore-di-grecia-theodore-passas","status":"publish","type":"post","link":"https:\/\/www.cronacaonline.it\/index.php\/2022\/03\/04\/il-sindaco-di-cagliari-paolo-truzzu-incontra-lambasciatore-di-grecia-theodore-passas\/","title":{"rendered":"Il Sindaco di Cagliari Paolo Truzzu incontra l&#8217;Ambasciatore di Grecia Theodore Passas."},"content":{"rendered":"\n<p>Cagliari, 4 Mar 2022 - Il sindaco Paolo Truzzu, questa mattina di venerd\u00ec 4 marzo, ha incontrato al Palazzo Civico l'ambasciatore della Grecia in Italia Theodore Passas.<\/p>\n\n\n\n<p>Per la prima volta in Sardegna, accompagnato dal Console Onorario a Cagliari Antonio Solla, il diplomatico si \u00e8 intrattenuto con il primo cittadino in un lungo e cortese colloquio. Presente anche il presidente del Consiglio Comunale Edoardo Tocco. Preoccupazioni condivise per questo momento di estrema difficolt\u00e0 per il conflitto Russo \u2013 Ucraino e una ferma condanna per l'aggressione. In Ucraina risiedono circa 120.000 greci. Forte la necessit\u00e0 di una unit\u00e0 dei paesi dell'Europa e un appello sentito per la libert\u00e0, la pace e la solidariet\u00e0.<\/p>\n\n\n\n<p>La comunit\u00e0 greca conta in Sardegna circa 300 persone molte delle quali hanno costruito nella nostra citt\u00e0 il loro progetto di vita e i loro legami familiari, anche per le tante similitudine tra la nostra regione e la loro terra di origine.<\/p>\n\n\n\n<p>In diplomazia da quarant'anni, Theodore Passas \u00e8 ambasciatore di Grecia in Italia&nbsp;dal 2019.<\/p>\n\n\n\n<p>In occasione della fine del suo mandato, nel pomeriggio, l'Ambasciatore Passas saluta rapprentanti della comunit\u00e0 greca e autorit\u00e0 cittadine. Nell'occasione sar\u00e0 proiettato il video \"Viaggio in Grecia. Immagini, poesia, musica\". Com<\/p>\n","protected":false},"excerpt":{"rendered":"<p>Cagliari, 4 Mar 2022 &#8211; Il sindaco Paolo Truzzu, questa mattina di venerd\u00ec 4 marzo, ha incontrato al Palazzo Civico l&#8217;ambasciatore della Grecia in Italia&#8230;<\/p>\n","protected":false},"author":2,"featured_media":218474,"comment_status":"closed","ping_status":"open","sticky":false,"template":"","format":"standard","meta":[],"categories":[49,52],"tags":[],"_links":{"self":[{"href":"https:\/\/www.cronacaonline.it\/index.php\/wp-json\/wp\/v2\/posts\/218473"}],"collection":[{"href":"https:\/\/www.cronacaonline.it\/index.php\/wp-json\/wp\/v2\/posts"}],"about":[{"href":"https:\/\/www.cronacaonline.it\/index.php\/wp-json\/wp\/v2\/types\/post"}],"author":[{"embeddable":true,"href":"https:\/\/www.cronacaonline.it\/index.php\/wp-json\/wp\/v2\/users\/2"}],"replies":[{"embeddable":true,"href":"https:\/\/www.cronacaonline.it\/index.php\/wp-json\/wp\/v2\/comments?post=218473"}],"version-history":[{"count":1,"href":"https:\/\/www.cronacaonline.it\/index.php\/wp-json\/wp\/v2\/posts\/218473\/revisions"}],"predecessor-version":[{"id":218475,"href":"https:\/\/www.cronacaonline.it\/index.php\/wp-json\/wp\/v2\/posts\/218473\/revisions\/218475"}],"wp:featuredmedia":[{"embeddable":true,"href":"https:\/\/www.cronacaonline.it\/index.php\/wp-json\/wp\/v2\/media\/218474"}],"wp:attachment":[{"href":"https:\/\/www.cronacaonline.it\/index.php\/wp-json\/wp\/v2\/media?parent=218473"}],"wp:term":[{"taxonomy":"category","embeddable":true,"href":"https:\/\/www.cronacaonline.it\/index.php\/wp-json\/wp\/v2\/categories?post=218473"},{"taxonomy":"post_tag","embeddable":true,"href":"https:\/\/www.cronacaonline.it\/index.php\/wp-json\/wp\/v2\/tags?post=218473"}],"curies":[{"name":"wp","href":"https:\/\/api.w.org\/{rel}","templated":true}]}}