{"id":218363,"date":"2022-03-02T14:34:48","date_gmt":"2022-03-02T13:34:48","guid":{"rendered":"https:\/\/www.cronacaonline.it\/?p=218363"},"modified":"2022-03-02T14:34:50","modified_gmt":"2022-03-02T13:34:50","slug":"nuoro-restaurato-immobile-questura-lassessore-salaris-riconsegnato-bene-storico-alla-comunita","status":"publish","type":"post","link":"https:\/\/www.cronacaonline.it\/index.php\/2022\/03\/02\/nuoro-restaurato-immobile-questura-lassessore-salaris-riconsegnato-bene-storico-alla-comunita\/","title":{"rendered":"Nuoro, restaurato immobile questura. L\u2019assessore Salaris: \u201criconsegnato bene storico alla comunit\u00e0\u201d."},"content":{"rendered":"\n<p>Cagliari, 2 Mar 2022 -\u00a0\u00a0\u00c8 stato riconsegnato alla Questura di Nuoro, con tutte le certificazioni di legge, gli aggiornamenti catastali e l\u2019abitabilit\u00e0, lo stabile interamente ristrutturato grazie a un finanziamento di 700mila euro circa, che ora ospiter\u00e0 la divisione amministrativa e sociale che comprende l'ufficio armi ed esplosivi, e l'ufficio passaporti e licenze, insieme all'ufficio emigrazione. \u201cRestituiamo alla Comunit\u00e0 un bene prezioso che nel corso di questa Legislatura abbiamo contribuito a rimettere a nuovo - ha spiegato l\u2019Assessore dei Lavori Pubblici, Aldo Salaris - Si tratta di uno straordinario esempio di recupero del bene frutto di una sinergia estremamente positiva tra i vari soggetti preposti alle attivit\u00e0 di restauro.<\/p>\n\n\n\n<p>La Regione ha contribuito attivamente affinch\u00e9 questo fabbricato storico potesse essere restituito alla Comunit\u00e0 in tutta la sua interezza e straordinaria bellezza\u201d. Si tratta infatti di fabbricato storico la cui costruzione risale agli anni \u201930 del \u2018900 e che si sviluppa su due livelli, un piano terra della superficie di 490 mq e un primo della superficie di 280 mq. L\u2019edificio \u00e8 vincolato in quanto ritenuto di interesse culturale, storico e artistico. L\u2019edificio, di propriet\u00e0 del Demanio, si trova tra la piazza Vittorio Emanuele e la via Giovanni XXXIII, gi\u00e0 adibito a sede della Motorizzazione della Questura di Nuoro (il cosiddetto Autodrappello), verr\u00e0 ora destinato a ospitare alcuni uffici amministrativi che saranno trasferiti dalla sede centrale di via Europa.<\/p>\n\n\n\n<p>&nbsp;Guardando al dettaglio degli interventi realizzati, lo stabile \u00e8 stato completamente ristrutturato con due interventi, un primo lotto con lavori dell\u2019importo di 371.659 euro e un secondo lotto con lavori dell\u2019importo di&nbsp;312.937 euro, curati dal Servizio del Genio Civile di Nuoro della Direzione Generale dell\u2019Assessorato dei Lavori Pubblici che ha seguito le fasi della progettazione ed esecuzione dei lavori. Com<\/p>\n","protected":false},"excerpt":{"rendered":"<p>Cagliari, 2 Mar 2022 &#8211;\u00a0\u00a0\u00c8 stato riconsegnato alla Questura di Nuoro, con tutte le certificazioni di legge, gli aggiornamenti catastali e l\u2019abitabilit\u00e0, lo stabile interamente&#8230;<\/p>\n","protected":false},"author":2,"featured_media":218104,"comment_status":"closed","ping_status":"open","sticky":false,"template":"","format":"standard","meta":[],"categories":[49,52],"tags":[],"_links":{"self":[{"href":"https:\/\/www.cronacaonline.it\/index.php\/wp-json\/wp\/v2\/posts\/218363"}],"collection":[{"href":"https:\/\/www.cronacaonline.it\/index.php\/wp-json\/wp\/v2\/posts"}],"about":[{"href":"https:\/\/www.cronacaonline.it\/index.php\/wp-json\/wp\/v2\/types\/post"}],"author":[{"embeddable":true,"href":"https:\/\/www.cronacaonline.it\/index.php\/wp-json\/wp\/v2\/users\/2"}],"replies":[{"embeddable":true,"href":"https:\/\/www.cronacaonline.it\/index.php\/wp-json\/wp\/v2\/comments?post=218363"}],"version-history":[{"count":1,"href":"https:\/\/www.cronacaonline.it\/index.php\/wp-json\/wp\/v2\/posts\/218363\/revisions"}],"predecessor-version":[{"id":218364,"href":"https:\/\/www.cronacaonline.it\/index.php\/wp-json\/wp\/v2\/posts\/218363\/revisions\/218364"}],"wp:featuredmedia":[{"embeddable":true,"href":"https:\/\/www.cronacaonline.it\/index.php\/wp-json\/wp\/v2\/media\/218104"}],"wp:attachment":[{"href":"https:\/\/www.cronacaonline.it\/index.php\/wp-json\/wp\/v2\/media?parent=218363"}],"wp:term":[{"taxonomy":"category","embeddable":true,"href":"https:\/\/www.cronacaonline.it\/index.php\/wp-json\/wp\/v2\/categories?post=218363"},{"taxonomy":"post_tag","embeddable":true,"href":"https:\/\/www.cronacaonline.it\/index.php\/wp-json\/wp\/v2\/tags?post=218363"}],"curies":[{"name":"wp","href":"https:\/\/api.w.org\/{rel}","templated":true}]}}