{"id":218361,"date":"2022-03-02T11:31:31","date_gmt":"2022-03-02T10:31:31","guid":{"rendered":"https:\/\/www.cronacaonline.it\/?p=218361"},"modified":"2022-03-02T11:31:33","modified_gmt":"2022-03-02T10:31:33","slug":"covid-nuovi-vaccini-e-quarta-dose-in-sardegna-il-presidente-solinas-hub-e-centri-di-vaccinazione-ancora-in-prima-linea-per-i-piu-fragili","status":"publish","type":"post","link":"https:\/\/www.cronacaonline.it\/index.php\/2022\/03\/02\/covid-nuovi-vaccini-e-quarta-dose-in-sardegna-il-presidente-solinas-hub-e-centri-di-vaccinazione-ancora-in-prima-linea-per-i-piu-fragili\/","title":{"rendered":"Covid, nuovi vaccini e quarta dose in Sardegna. Il presidente solinas: \u201chub e centri di vaccinazione ancora in prima linea per i pi\u00f9 fragili\u201d."},"content":{"rendered":"\n<p>Cagliari, 2 Mar 2022\u00a0\u2013 Prosegue la campagna vaccinale anti-Covid in Sardegna. Il mese di febbraio si \u00e8 chiuso con 211.600 dosi somministrate, la maggior parte (156 mila) terze dosi a cui si aggiungono oltre 15.600 prime dosi e 40 mila richiami. Complessivamente, dall\u2019inizio dell\u2019anno, sono state effettuate 663.500 somministrazioni, di cui 515.954 dosi booster e 65.000 mila prime dosi.<\/p>\n\n\n\n<p>Nell\u2019Isola, dall\u2019inizio della campagna vaccinale sono state somministrate in tutto 3.697.000 dosi. La Sardegna \u00e8 fra le prime sei regioni per copertura vaccinale: l\u201984,2% della popolazione ha completato il ciclo primario e a questi si aggiunge un ulteriore 2,1% di persone che ha ricevuto almeno una dose.<\/p>\n\n\n\n<p>Da ieri anche nell\u2019Isola sono partite le vaccinazioni con la quarta dose, campagna rivolta al target dei soggetti immunodepressi (circa 28 mila sul territorio regionale), persone che si trovano in questa particolare condizione a causa di una patologia o in seguito a cure specifiche.<\/p>\n\n\n\n<p>\u201cIl Nuvaxovid \u2013 dichiara nella nota l\u2019assessore regionale della Sanit\u00e0, Mario Nieddu - in merito al nuovo vaccino \u2013 presenta diversi vantaggi, in particolare legati a una catena del freddo meno estrema rispetto ai vaccini a RNA messaggero, aspetto che lo rende quindi pi\u00f9 maneggevole. L\u2019auspicio \u00e8 che l\u2019utilizzo di una tecnologia gi\u00e0 da tempo conosciuta possa vincere le resistenze di chi nutriva scetticismo verso i vaccini finora disponibili. La campagna di vaccinazione ha gi\u00e0 raggiunto ottimi risultati, ma il pericolo non \u00e8 ancora alle spalle e anche un vaccinato in pi\u00f9 rappresenta una vittoria\u201d.<\/p>\n\n\n\n<p>Partite anche le prime vaccinazioni con il nuovo farmaco Novavax (Nuvaxovid): su 304 prime dosi somministrate tra il 28 febbraio e il 1 marzo il 17% \u00e8 stato eseguito con il primo&nbsp;vaccino a subunit\u00e0 proteica in circolazione, tecnologia utilizzata da decenni nella produzione di vaccini, ora disponibile anche in Sardegna. Domenica nell\u2019Isola sono infatti arrivate le prime 27.900 dosi del vaccino Novavax, di cui sono attese ulteriori 57.300 dosi entro la seconda met\u00e0 di marzo.<\/p>\n\n\n\n<p>\u201cLa campagna di vaccinazione nell\u2019Isola \u2013 conclude il Presidente della Regione Sardegna \u2013 \u00e8 al passo con il resto del Paese con numeri che superano la media nazionale se si guarda complessivamente alla copertura vaccinale sull\u2019intera popolazione. Per quanto riguarda la quarta dose i nostri centri di vaccinazione continuano a essere in prima linea anche in questa fase, rivolta ai pi\u00f9 fragili la cui protezione contro il virus \u00e8 da sempre una priorit\u00e0\u201d. Com<\/p>\n","protected":false},"excerpt":{"rendered":"<p>Cagliari, 2 Mar 2022\u00a0\u2013 Prosegue la campagna vaccinale anti-Covid in Sardegna. Il mese di febbraio si \u00e8 chiuso con 211.600 dosi somministrate, la maggior parte&#8230;<\/p>\n","protected":false},"author":2,"featured_media":209129,"comment_status":"closed","ping_status":"open","sticky":false,"template":"","format":"standard","meta":[],"categories":[49,52],"tags":[],"_links":{"self":[{"href":"https:\/\/www.cronacaonline.it\/index.php\/wp-json\/wp\/v2\/posts\/218361"}],"collection":[{"href":"https:\/\/www.cronacaonline.it\/index.php\/wp-json\/wp\/v2\/posts"}],"about":[{"href":"https:\/\/www.cronacaonline.it\/index.php\/wp-json\/wp\/v2\/types\/post"}],"author":[{"embeddable":true,"href":"https:\/\/www.cronacaonline.it\/index.php\/wp-json\/wp\/v2\/users\/2"}],"replies":[{"embeddable":true,"href":"https:\/\/www.cronacaonline.it\/index.php\/wp-json\/wp\/v2\/comments?post=218361"}],"version-history":[{"count":1,"href":"https:\/\/www.cronacaonline.it\/index.php\/wp-json\/wp\/v2\/posts\/218361\/revisions"}],"predecessor-version":[{"id":218362,"href":"https:\/\/www.cronacaonline.it\/index.php\/wp-json\/wp\/v2\/posts\/218361\/revisions\/218362"}],"wp:featuredmedia":[{"embeddable":true,"href":"https:\/\/www.cronacaonline.it\/index.php\/wp-json\/wp\/v2\/media\/209129"}],"wp:attachment":[{"href":"https:\/\/www.cronacaonline.it\/index.php\/wp-json\/wp\/v2\/media?parent=218361"}],"wp:term":[{"taxonomy":"category","embeddable":true,"href":"https:\/\/www.cronacaonline.it\/index.php\/wp-json\/wp\/v2\/categories?post=218361"},{"taxonomy":"post_tag","embeddable":true,"href":"https:\/\/www.cronacaonline.it\/index.php\/wp-json\/wp\/v2\/tags?post=218361"}],"curies":[{"name":"wp","href":"https:\/\/api.w.org\/{rel}","templated":true}]}}