{"id":218329,"date":"2022-03-01T18:40:36","date_gmt":"2022-03-01T17:40:36","guid":{"rendered":"https:\/\/www.cronacaonline.it\/?p=218329"},"modified":"2022-03-01T18:40:38","modified_gmt":"2022-03-01T17:40:38","slug":"il-nuovo-stadio-di-cagliari-il-sindaco-truzzu-abbiamo-costruito-il-percorso-con-grande-attenzione-amministrativa-e-oggi-stiamo-facendo-un-ulteriore-passo-molto-importante","status":"publish","type":"post","link":"https:\/\/www.cronacaonline.it\/index.php\/2022\/03\/01\/il-nuovo-stadio-di-cagliari-il-sindaco-truzzu-abbiamo-costruito-il-percorso-con-grande-attenzione-amministrativa-e-oggi-stiamo-facendo-un-ulteriore-passo-molto-importante\/","title":{"rendered":"Il nuovo Stadio di Cagliari &#8211; Il sindaco Truzzu: \u201cAbbiamo costruito il percorso con grande attenzione amministrativa e oggi stiamo facendo un ulteriore passo, molto importante&#8221;."},"content":{"rendered":"\n<p>Cagliari, 1 Mar 2022 - Il sindaco Paolo Truzzu intervenendo alla conferenza stampa di stamattina sul nuovo Stadio di Cagliari\u00a0all'Unipol Domus,\u00a0con il presidente Tommaso Giulini e\u00a0Francesco Percassi del gruppo Costim. \"Il mio impegno \u00e8 sempre stato quello di dare a Cagliari e alla Sardegna un nuovo stadio, all\u2019interno del grande quartiere di Sant\u2019Elia, completamente rigenerato e ricollegato alla citt\u00e0\".<br>\"Abbiamo costruito il percorso con grande attenzione amministrativa e oggi stiamo facendo un ulteriore passo, molto importante\".<br>\"Studieremo il progetto definitivo che il Cagliari calcio ci consegner\u00e0 con celerit\u00e0 esaminando nel dettaglio il piano economico-finanziario per poi bandire la gara per la costruzione\".<br>\"Se ognuno dei soggetti protagonisti rispetter\u00e0 i termini e le condizioni necessarie, i lavori potranno partire per la fine del 2023. \u00c8 la volont\u00e0 di tutti\".<br>\"Permettetemi una precisazione: contrariamente a quanto sostenuto da altri, al mio arrivo, di attuabile per la costruzione del nuovo stadio non c\u2019era nulla di concreto, al di l\u00e0 della dichiarazione di pubblico interesse, se non generici impegni di massima che per\u00f2 nulla avevano a che vedere con gli iter amministrativi necessari alla realizzazione\".<br>\"Da qui siamo partiti due anni fa e l'amministrazione e i suoi tecnici hanno fatto in pieno il proprio dovere: erano necessarie le delibere con le relative varianti urbanistiche coerenti con il contesto paesaggistico e ambientale\".<br>\"Abbiamo affrontato le problematiche del progetto definitivo offrendo la massima disponibilit\u00e0 al Cagliari Calcio e al Presidente Giulini, in un clima disteso e di grande stima reciproca\".<br>\"Ci \u00e8 stato proposto un quadro di massima dei costi, valutando anche le variabili del caso perch\u00e9 l\u2019area \u00e8 della citt\u00e0 ed \u00e8 l\u2019amministrazione in primis a dover curare gli interessi dei cagliaritani\".<br>\"Lo stadio assume immenso valore se strettamente collegato alla riqualificazione di Sant\u2019Elia, luogo da godere tutto l\u2019anno tra attivit\u00e0 sociali, culturali, sportive, wellness e di intrattenimento. Si potr\u00e0 creare sviluppo, attrazione, lavoro e indotto per tutta la comunit\u00e0\".<br>\"Abbiamo deciso di sostituire il centro commerciale previsto all\u2019inizio per tutelare i piccoli commercianti. L\u2019area avr\u00e0 una vocazione moderna e verde, svilupperemo le attivit\u00e0 legate all\u2019innovazione tecnologica, alla scienza, alla cultura e alla formazione, in stretta connessione con l\u2019area sportiva di Monte Mixi\". Avremo cos\u00ec un quartiere collegato alla citt\u00e0 e una citt\u00e0 intimamente legata al suo mare\".<\/p>\n\n\n\n<p>\"Cagliari sar\u00e0 pi\u00f9 moderna, sostenibile e bella\".<\/p>\n","protected":false},"excerpt":{"rendered":"<p>Cagliari, 1 Mar 2022 &#8211; Il sindaco Paolo Truzzu intervenendo alla conferenza stampa di stamattina sul nuovo Stadio di Cagliari\u00a0all&#8217;Unipol Domus,\u00a0con il presidente Tommaso Giulini&#8230;<\/p>\n","protected":false},"author":2,"featured_media":203443,"comment_status":"closed","ping_status":"open","sticky":false,"template":"","format":"standard","meta":[],"categories":[49,52],"tags":[],"_links":{"self":[{"href":"https:\/\/www.cronacaonline.it\/index.php\/wp-json\/wp\/v2\/posts\/218329"}],"collection":[{"href":"https:\/\/www.cronacaonline.it\/index.php\/wp-json\/wp\/v2\/posts"}],"about":[{"href":"https:\/\/www.cronacaonline.it\/index.php\/wp-json\/wp\/v2\/types\/post"}],"author":[{"embeddable":true,"href":"https:\/\/www.cronacaonline.it\/index.php\/wp-json\/wp\/v2\/users\/2"}],"replies":[{"embeddable":true,"href":"https:\/\/www.cronacaonline.it\/index.php\/wp-json\/wp\/v2\/comments?post=218329"}],"version-history":[{"count":1,"href":"https:\/\/www.cronacaonline.it\/index.php\/wp-json\/wp\/v2\/posts\/218329\/revisions"}],"predecessor-version":[{"id":218330,"href":"https:\/\/www.cronacaonline.it\/index.php\/wp-json\/wp\/v2\/posts\/218329\/revisions\/218330"}],"wp:featuredmedia":[{"embeddable":true,"href":"https:\/\/www.cronacaonline.it\/index.php\/wp-json\/wp\/v2\/media\/203443"}],"wp:attachment":[{"href":"https:\/\/www.cronacaonline.it\/index.php\/wp-json\/wp\/v2\/media?parent=218329"}],"wp:term":[{"taxonomy":"category","embeddable":true,"href":"https:\/\/www.cronacaonline.it\/index.php\/wp-json\/wp\/v2\/categories?post=218329"},{"taxonomy":"post_tag","embeddable":true,"href":"https:\/\/www.cronacaonline.it\/index.php\/wp-json\/wp\/v2\/tags?post=218329"}],"curies":[{"name":"wp","href":"https:\/\/api.w.org\/{rel}","templated":true}]}}