{"id":218316,"date":"2022-03-01T16:19:11","date_gmt":"2022-03-01T15:19:11","guid":{"rendered":"https:\/\/www.cronacaonline.it\/?p=218316"},"modified":"2022-03-01T16:19:13","modified_gmt":"2022-03-01T15:19:13","slug":"consiglio-sardegna-commissione-lavoro-giovedi-audizioni-su-ex-rockwoll-politiche-giovanili-e-cyber-bullismo","status":"publish","type":"post","link":"https:\/\/www.cronacaonline.it\/index.php\/2022\/03\/01\/consiglio-sardegna-commissione-lavoro-giovedi-audizioni-su-ex-rockwoll-politiche-giovanili-e-cyber-bullismo\/","title":{"rendered":"Consiglio Sardegna &#8211; Commissione Lavoro: gioved\u00ec audizioni su ex Rockwoll, politiche giovanili e cyber bullismo."},"content":{"rendered":"\n<p>Cagliari, 1 Mar 2022 \u2013 La commissione Lavoro, presieduta da Francesco Stara (Udc-Cambiamo) si riunir\u00e0 gioved\u00ec prossimo (3 marzo) alle 10.30 per esaminare con alcune audizioni le problematiche della riconversione industriale della ex Rockwool e delle politiche giovanili.<\/p>\n\n\n\n<p>Per quanto riguarda le politiche giovanili, nell\u2019ambito delle attivit\u00e0 istruttorie collegate alla Proposta di legge n.182 (Piga e pi\u00f9) sar\u00e0 ascoltato il presidente del Tribunale dei Minorenni di Cagliari.<\/p>\n\n\n\n<p>Sul progetto di riconversione industriale della ex Rockwool riferiranno invece gli assessori del Lavoro Alessandra Zedda e dell\u2019Industria Anita Pili oltre al presidente della Cooperativa sociale San Lorenzo.<\/p>\n\n\n\n<p>La commissione inoltre si occuper\u00e0 del Testo unificato sul cyber bullismo, sintesi delle Proposte di legge n.16 (Comandini e pi\u00f9) e 109 (Piras e pi\u00f9). Com<\/p>\n","protected":false},"excerpt":{"rendered":"<p>Cagliari, 1 Mar 2022 \u2013 La commissione Lavoro, presieduta da Francesco Stara (Udc-Cambiamo) si riunir\u00e0 gioved\u00ec prossimo (3 marzo) alle 10.30 per esaminare con alcune&#8230;<\/p>\n","protected":false},"author":2,"featured_media":207856,"comment_status":"closed","ping_status":"open","sticky":false,"template":"","format":"standard","meta":[],"categories":[49,52],"tags":[],"_links":{"self":[{"href":"https:\/\/www.cronacaonline.it\/index.php\/wp-json\/wp\/v2\/posts\/218316"}],"collection":[{"href":"https:\/\/www.cronacaonline.it\/index.php\/wp-json\/wp\/v2\/posts"}],"about":[{"href":"https:\/\/www.cronacaonline.it\/index.php\/wp-json\/wp\/v2\/types\/post"}],"author":[{"embeddable":true,"href":"https:\/\/www.cronacaonline.it\/index.php\/wp-json\/wp\/v2\/users\/2"}],"replies":[{"embeddable":true,"href":"https:\/\/www.cronacaonline.it\/index.php\/wp-json\/wp\/v2\/comments?post=218316"}],"version-history":[{"count":1,"href":"https:\/\/www.cronacaonline.it\/index.php\/wp-json\/wp\/v2\/posts\/218316\/revisions"}],"predecessor-version":[{"id":218317,"href":"https:\/\/www.cronacaonline.it\/index.php\/wp-json\/wp\/v2\/posts\/218316\/revisions\/218317"}],"wp:featuredmedia":[{"embeddable":true,"href":"https:\/\/www.cronacaonline.it\/index.php\/wp-json\/wp\/v2\/media\/207856"}],"wp:attachment":[{"href":"https:\/\/www.cronacaonline.it\/index.php\/wp-json\/wp\/v2\/media?parent=218316"}],"wp:term":[{"taxonomy":"category","embeddable":true,"href":"https:\/\/www.cronacaonline.it\/index.php\/wp-json\/wp\/v2\/categories?post=218316"},{"taxonomy":"post_tag","embeddable":true,"href":"https:\/\/www.cronacaonline.it\/index.php\/wp-json\/wp\/v2\/tags?post=218316"}],"curies":[{"name":"wp","href":"https:\/\/api.w.org\/{rel}","templated":true}]}}