{"id":218314,"date":"2022-03-01T16:16:55","date_gmt":"2022-03-01T15:16:55","guid":{"rendered":"https:\/\/www.cronacaonline.it\/?p=218314"},"modified":"2022-03-01T16:16:57","modified_gmt":"2022-03-01T15:16:57","slug":"famiglia-e-minori-dichiarazione-della-consigliera-regionale-del-gruppo-misto-carla-cuccu-consiglio-regionale-si-occupi-di-questi-temi-in-modo-organico","status":"publish","type":"post","link":"https:\/\/www.cronacaonline.it\/index.php\/2022\/03\/01\/famiglia-e-minori-dichiarazione-della-consigliera-regionale-del-gruppo-misto-carla-cuccu-consiglio-regionale-si-occupi-di-questi-temi-in-modo-organico\/","title":{"rendered":"Famiglia e minori, dichiarazione della consigliera regionale del Gruppo Misto Carla Cuccu: &#8216;Consiglio regionale si occupi di questi temi in modo organico&#8217;."},"content":{"rendered":"\n<p>Cagliari, 1 Mar 2022\u00a0\u2013 \u201cApprovata la manovra finanziaria, il Consiglio regionale si occupi delle famiglie e dei diritti dell\u2019infanzia. Non si pu\u00f2 procedere solo sull\u2019emergenza o con interventi spot\u201d.<\/p>\n\n\n\n<p>Lo afferma in una nota la consigliera regionale del Gruppo Misto, Carla Cuccu, sollecita la calendarizzazione nei lavori dell\u2019Aula di proposte che mettano al primo piano minori e famiglie. \u201cHo scritto mesi fa al presidente del Consiglio regionale per richiamare i forti ritardi sulla nomina del Garante dell\u2019Infanzia, figura vacante da un anno ormai. Non solo, oltre due anni fa sono stata la prima firmataria di una proposta di legge per l\u2019istituzione del Centro regionale per la Famiglia, mai arrivata all\u2019attenzione della commissione competente\u201d.<\/p>\n\n\n\n<p>Infine, per la consigliera \u201cquesti temi meritano attenzione e sedute dedicate e mi fa piacere che anche il collega del Gruppo Misto, Stefano Tunis, porti all\u2019esame dei colleghi e dell\u2019opinione pubblica argomenti cos\u00ec importanti per i Sardi. Sono sempre pi\u00f9 convinta che in Consiglio, come nella Giunta, debba esserci pi\u00f9 sensibilit\u00e0 bipartisan per dare risposte a tante famiglie\". Com<\/p>\n","protected":false},"excerpt":{"rendered":"<p>Cagliari, 1 Mar 2022\u00a0\u2013 \u201cApprovata la manovra finanziaria, il Consiglio regionale si occupi delle famiglie e dei diritti dell\u2019infanzia. Non si pu\u00f2 procedere solo sull\u2019emergenza&#8230;<\/p>\n","protected":false},"author":2,"featured_media":181430,"comment_status":"closed","ping_status":"open","sticky":false,"template":"","format":"standard","meta":[],"categories":[49,52],"tags":[],"_links":{"self":[{"href":"https:\/\/www.cronacaonline.it\/index.php\/wp-json\/wp\/v2\/posts\/218314"}],"collection":[{"href":"https:\/\/www.cronacaonline.it\/index.php\/wp-json\/wp\/v2\/posts"}],"about":[{"href":"https:\/\/www.cronacaonline.it\/index.php\/wp-json\/wp\/v2\/types\/post"}],"author":[{"embeddable":true,"href":"https:\/\/www.cronacaonline.it\/index.php\/wp-json\/wp\/v2\/users\/2"}],"replies":[{"embeddable":true,"href":"https:\/\/www.cronacaonline.it\/index.php\/wp-json\/wp\/v2\/comments?post=218314"}],"version-history":[{"count":1,"href":"https:\/\/www.cronacaonline.it\/index.php\/wp-json\/wp\/v2\/posts\/218314\/revisions"}],"predecessor-version":[{"id":218315,"href":"https:\/\/www.cronacaonline.it\/index.php\/wp-json\/wp\/v2\/posts\/218314\/revisions\/218315"}],"wp:featuredmedia":[{"embeddable":true,"href":"https:\/\/www.cronacaonline.it\/index.php\/wp-json\/wp\/v2\/media\/181430"}],"wp:attachment":[{"href":"https:\/\/www.cronacaonline.it\/index.php\/wp-json\/wp\/v2\/media?parent=218314"}],"wp:term":[{"taxonomy":"category","embeddable":true,"href":"https:\/\/www.cronacaonline.it\/index.php\/wp-json\/wp\/v2\/categories?post=218314"},{"taxonomy":"post_tag","embeddable":true,"href":"https:\/\/www.cronacaonline.it\/index.php\/wp-json\/wp\/v2\/tags?post=218314"}],"curies":[{"name":"wp","href":"https:\/\/api.w.org\/{rel}","templated":true}]}}