{"id":218284,"date":"2022-02-28T18:32:49","date_gmt":"2022-02-28T17:32:49","guid":{"rendered":"https:\/\/www.cronacaonline.it\/?p=218284"},"modified":"2022-02-28T18:32:52","modified_gmt":"2022-02-28T17:32:52","slug":"consiglio-sardegna-insediato-il-cal-maria-paola-secci-sestu-e-la-prima-presidente-donna","status":"publish","type":"post","link":"https:\/\/www.cronacaonline.it\/index.php\/2022\/02\/28\/consiglio-sardegna-insediato-il-cal-maria-paola-secci-sestu-e-la-prima-presidente-donna\/","title":{"rendered":"Consiglio Sardegna &#8211; Insediato il Cal: Maria Paola Secci (Sestu) \u00e8 la prima presidente donna."},"content":{"rendered":"\n<p>Cagliari, 28 Feb 2022 - Maria Paola Secci, sindaca di Sestu, \u00e8 la nuova presidente del Consiglio delle autonomie locali ed \u00e8 la prima donna a guidare il parlamentino. E\u2019 stata eletta questo pomeriggio in Consiglio regionale dall\u2019assemblea dei sindaci.<\/p>\n\n\n\n<p>La seduta si \u00e8 aperta con l\u2019intervento del presidente del Consiglio regionale, Michele Pais, che insediando il nuovo organo ha formulato i suoi auguri: \u201cSpero che ci siano rapporti solidi e forti cos\u00ec come \u00e8 avvenuto con il precedente consiglio\u201d.<\/p>\n\n\n\n<p>Il presidente Pais ha poi messo all\u2019ordine del giorno l\u2019elezione a scrutinio segreto del presidente, a maggioranza, chiamando come segretari i sindaci Marco Sideri e Ivan Mameli, i consiglieri Cal pi\u00f9 giovani.<\/p>\n\n\n\n<p>Andrea Soddu, sindaco di Nuoro e presidente Cal uscente, ha chiesto al presidente del Consiglio di aprire una discussione e pertanto il presidente Pais ha sospeso le votazioni per dargli la parola. \u201cDa presidente uscente ringrazio chi mi diede fiducia cinque anni fa\u201d, ha detto Soddu, \u201cho arricchito le mie conoscenze e competenze in tema di autonomie locali ma soprattutto abbiamo avuto un elevato dialogo con le istituzioni e con le altre autonomie locali.<\/p>\n\n\n\n<p>La pandemia ha rallentato le relazioni in presenza ma non lo slancio con il quale abbiamo affrontato i problemi delle autonomie locali, in un clima di unitariet\u00e0 con l\u2019Anci Sardegna e con le altre associazioni di rappresentanza degli enti locali. Spero che il Cal continui a muoversi con questa unitariet\u00e0 e che si arrivi a una posizione unitaria anche sul nuovo presidente per dare maggiore forza al nostro organismo.&nbsp; Se per raggiungere questo obiettivo \u00e8 necessario sospendere, allora facciamolo\u201d.<\/p>\n\n\n\n<p>Il presidente Pais ha sospeso i lavori per mezzora. Alla ripresa il sindaco di Quartu, Graziano Milia, che ha detto: \u201cPer ben due volte sono stato presidente del Cal e ogni volta all\u2019unanimit\u00e0, probabilmente a causa della necessit\u00e0 di trovare la figura pi\u00f9 capace di tutte di unire le autonomie locali. Da pi\u00f9 parte mi viene richiesta oggi una ulteriore disponibilit\u00e0 e mi sono messo a disposizione per un percorso unitario, a salvaguardia del profilo autonomo del Cal. Mi sembra che una soluzione unitaria per\u00f2 non ci sia e dunque non sono disponibile\u201d.<\/p>\n\n\n\n<p>Maria Paola Secci (Sestu) ha confermato invece la sua disponibilit\u00e0 a guidare il Cal e a quel punto \u00e8 partita la chiama dei sindaci per l\u2019elezione del presidente. Alla prima votazione Secci ha ricevuto 27 preferenze, due per Milia, tre per Emidio Contini e tre schede bianche.<\/p>\n\n\n\n<p>La nuova eletta ha preso la parola e ha detto: \u201cL\u2019emozione \u00e8 tanta e mai avrei potuto immaginare di poter rappresentare tutti i Comuni della Sardegna. Conto sul vostro aiuto perch\u00e9 gli enti locali sardi siano in stretto contatto tra loro. La politica senza la base rappresentata da noi amministratori locali faticher\u00e0 perch\u00e9 i sardi devono riacquistare la fiducia e il Cal in questo senso pu\u00f2 fare molto, collaborando con il Consiglio regionale e con le commissioni.&nbsp; Io metter\u00f2 la massima dedizione verso questo incarico che mi avete affidato\u201d. Com<\/p>\n","protected":false},"excerpt":{"rendered":"<p>Cagliari, 28 Feb 2022 &#8211; Maria Paola Secci, sindaca di Sestu, \u00e8 la nuova presidente del Consiglio delle autonomie locali ed \u00e8 la prima donna&#8230;<\/p>\n","protected":false},"author":2,"featured_media":192510,"comment_status":"closed","ping_status":"open","sticky":false,"template":"","format":"standard","meta":[],"categories":[49,52],"tags":[],"_links":{"self":[{"href":"https:\/\/www.cronacaonline.it\/index.php\/wp-json\/wp\/v2\/posts\/218284"}],"collection":[{"href":"https:\/\/www.cronacaonline.it\/index.php\/wp-json\/wp\/v2\/posts"}],"about":[{"href":"https:\/\/www.cronacaonline.it\/index.php\/wp-json\/wp\/v2\/types\/post"}],"author":[{"embeddable":true,"href":"https:\/\/www.cronacaonline.it\/index.php\/wp-json\/wp\/v2\/users\/2"}],"replies":[{"embeddable":true,"href":"https:\/\/www.cronacaonline.it\/index.php\/wp-json\/wp\/v2\/comments?post=218284"}],"version-history":[{"count":1,"href":"https:\/\/www.cronacaonline.it\/index.php\/wp-json\/wp\/v2\/posts\/218284\/revisions"}],"predecessor-version":[{"id":218285,"href":"https:\/\/www.cronacaonline.it\/index.php\/wp-json\/wp\/v2\/posts\/218284\/revisions\/218285"}],"wp:featuredmedia":[{"embeddable":true,"href":"https:\/\/www.cronacaonline.it\/index.php\/wp-json\/wp\/v2\/media\/192510"}],"wp:attachment":[{"href":"https:\/\/www.cronacaonline.it\/index.php\/wp-json\/wp\/v2\/media?parent=218284"}],"wp:term":[{"taxonomy":"category","embeddable":true,"href":"https:\/\/www.cronacaonline.it\/index.php\/wp-json\/wp\/v2\/categories?post=218284"},{"taxonomy":"post_tag","embeddable":true,"href":"https:\/\/www.cronacaonline.it\/index.php\/wp-json\/wp\/v2\/tags?post=218284"}],"curies":[{"name":"wp","href":"https:\/\/api.w.org\/{rel}","templated":true}]}}