{"id":218265,"date":"2022-02-28T15:45:24","date_gmt":"2022-02-28T14:45:24","guid":{"rendered":"https:\/\/www.cronacaonline.it\/?p=218265"},"modified":"2022-02-28T15:45:26","modified_gmt":"2022-02-28T14:45:26","slug":"consiglio-sardegna-lavoro-della-commissioni-consiliari","status":"publish","type":"post","link":"https:\/\/www.cronacaonline.it\/index.php\/2022\/02\/28\/consiglio-sardegna-lavoro-della-commissioni-consiliari\/","title":{"rendered":"Consiglio Sardegna \u2013 Lavoro della Commissioni consiliari."},"content":{"rendered":"\n<p>Cagliari, 28 Feb 2022 \u2013 La settimana di lavoro della commissioni del Consiglio regionale della Sardegna comincer\u00e0 domattina (1\u00b0marzo) alle 10.30 con la commissione Governo del territorio, presieduta da Giuseppe Talanas (Forza Italia): all\u2019ordine del giorno la proposta di legge n.172 \u2013 Giagoni e pi\u00f9 \u2013 sulla realizzazione di aviosuperfici e campi di volo nel territorio regionale.<\/p>\n\n\n\n<p>Il giorno successivo, mercoled\u00ec, sar\u00e0 la volta della commissione autonomia, convocata alle 10.00 per l\u2019elezione del nuovo presidente dopo che il precedente, Pier Luigi Saiu, \u00e8 stato eletto capogruppo della Lega.<\/p>\n\n\n\n<p>Sempre per mercoled\u00ec, ma alle 10.30, riunione per la commissione Attivit\u00e0 produttive presieduta da Piero Maieli (Psd\u2019Az). In programma, nel quadro di una verifica sul piano di rilancio del Nuorese con riferimento alla filiera del marmo, le audizioni del responsabile del progetto Iscol@, degli assessori Andrea Biancareddu (Pubblica Istruzione) e Giuseppe Fasolino (Programmazione), dell\u2019amministratore straordinario della Provincia di Nuoro, dei Sindaci di Orosei e Galtell\u00ec e di alcuni imprenditori del settore estrattivo.<\/p>\n\n\n\n<p>All\u2019attenzione della commissione anche alcune proposte di legge. Sulla n.300 (Ennas e pi\u00f9) \u2013 Disposizioni per l\u2019utilizzo produttivo delle aree ex minerarie in Sardegna - saranno sentiti gli assessori dell\u2019Industria Anita Pili, dell\u2019Ambiente Gianni Lampis, l\u2019amministratore unico di Igea Spa ed il presidente di Anci Sardegna.<\/p>\n\n\n\n<p>Sulla n. 307 (Corrias e pi\u00f9), in materia di gestione e valorizzazione delle ferrovie turistiche della Sardegna riferir\u00e0 l\u2019assessore dell\u2019Ambiente Gianni Lampis.<\/p>\n\n\n\n<p>I lavori della commissione proseguiranno nel pomeriggio alle 16.00 con altre audizioni sulla proposta di legga n.307: interverranno l\u2019assessore del Turismo Gianni Chessa, il Sindaco di Gairo ed i rappresentati dell\u2019associazione Alturs.<\/p>\n\n\n\n<p>Inoltre, la commissione si occuper\u00e0 dello stato di attuazione dei Piani di abbattimento della fauna selvatica nociva inseriti nella legge regionale 23\/98, ascoltando le relazioni dell\u2019assessore della Difesa dell\u2019Ambiente Gianni Lampis, del Sindaco della Citt\u00e0 Metropolitana di Cagliari Paolo Truzzu, degli amministratori straordinari della Province di Sud Sardegna, Sassari, Nuoro e Oristano e delle associazioni di categoria.<\/p>\n\n\n\n<p>Infine, la commissione Sanit\u00e0 presieduta da Antonio Mario Mundula (Fdi) riprender\u00e0 i lavori gioved\u00ec alle 10.00 con due audizioni in calendario: l\u2019associazione Thalassazione sui problemi del benessere dei pazienti ed alcuni esperti dell\u2019autismo nel quadro delle attivit\u00e0 istruttorie sul testo unificato in materia di disturbi dello spettro autistico. Com<\/p>\n","protected":false},"excerpt":{"rendered":"<p>Cagliari, 28 Feb 2022 \u2013 La settimana di lavoro della commissioni del Consiglio regionale della Sardegna comincer\u00e0 domattina (1\u00b0marzo) alle 10.30 con la commissione Governo&#8230;<\/p>\n","protected":false},"author":2,"featured_media":192512,"comment_status":"closed","ping_status":"open","sticky":false,"template":"","format":"standard","meta":[],"categories":[49,52],"tags":[],"_links":{"self":[{"href":"https:\/\/www.cronacaonline.it\/index.php\/wp-json\/wp\/v2\/posts\/218265"}],"collection":[{"href":"https:\/\/www.cronacaonline.it\/index.php\/wp-json\/wp\/v2\/posts"}],"about":[{"href":"https:\/\/www.cronacaonline.it\/index.php\/wp-json\/wp\/v2\/types\/post"}],"author":[{"embeddable":true,"href":"https:\/\/www.cronacaonline.it\/index.php\/wp-json\/wp\/v2\/users\/2"}],"replies":[{"embeddable":true,"href":"https:\/\/www.cronacaonline.it\/index.php\/wp-json\/wp\/v2\/comments?post=218265"}],"version-history":[{"count":1,"href":"https:\/\/www.cronacaonline.it\/index.php\/wp-json\/wp\/v2\/posts\/218265\/revisions"}],"predecessor-version":[{"id":218266,"href":"https:\/\/www.cronacaonline.it\/index.php\/wp-json\/wp\/v2\/posts\/218265\/revisions\/218266"}],"wp:featuredmedia":[{"embeddable":true,"href":"https:\/\/www.cronacaonline.it\/index.php\/wp-json\/wp\/v2\/media\/192512"}],"wp:attachment":[{"href":"https:\/\/www.cronacaonline.it\/index.php\/wp-json\/wp\/v2\/media?parent=218265"}],"wp:term":[{"taxonomy":"category","embeddable":true,"href":"https:\/\/www.cronacaonline.it\/index.php\/wp-json\/wp\/v2\/categories?post=218265"},{"taxonomy":"post_tag","embeddable":true,"href":"https:\/\/www.cronacaonline.it\/index.php\/wp-json\/wp\/v2\/tags?post=218265"}],"curies":[{"name":"wp","href":"https:\/\/api.w.org\/{rel}","templated":true}]}}