{"id":218146,"date":"2022-02-25T15:07:37","date_gmt":"2022-02-25T14:07:37","guid":{"rendered":"https:\/\/www.cronacaonline.it\/?p=218146"},"modified":"2022-02-25T15:07:39","modified_gmt":"2022-02-25T14:07:39","slug":"rete-radio-regionale-assessore-lampis-garantire-maggiore-sicurezza-per-gli-operatori-e-unazione-di-coordinamento-piu-efficace-durante-le-emergenze","status":"publish","type":"post","link":"https:\/\/www.cronacaonline.it\/index.php\/2022\/02\/25\/rete-radio-regionale-assessore-lampis-garantire-maggiore-sicurezza-per-gli-operatori-e-unazione-di-coordinamento-piu-efficace-durante-le-emergenze\/","title":{"rendered":"Rete radio regionale, assessore Lampis: \u2018garantire maggiore sicurezza per gli operatori e un\u2019azione di coordinamento pi\u00f9 efficace durante le emergenze\u2019."},"content":{"rendered":"\n<p>Cagliari, 25 febbraio 2022\u00a0\u2013 \u201cL\u2019esercitazione di oggi ha riproposto gli avvenimenti della giornata dello scorso 4 luglio, che, durante la 'Campagna antincendi 2021', aveva presentato difficolt\u00e0 nelle comunicazioni e ha concluso la fase di sperimentazione e di formazione in corso da dicembre nel territorio dell\u2019Ispettorato ripartimentale di Cagliari. Si tratta di attivit\u00e0 propedeutiche per l\u2019efficientamento e il collaudo della Rete radio regionale, alla quale saranno collegati tutti i Comuni dell\u2019Isola, che collaborano attivamente al progetto\u201d. Lo ha detto, questa mattina nella sala operativa del Cop (Centro operativo provinciale) di Cagliari,\u00a0l\u2019assessore regionale della Difesa dell\u2019ambiente, Gianni Lampis, con delega alla Protezione civile,\u00a0durante\u00a0l\u2019esercitazione che ha visto coinvolte le strutture regionali della\u00a0Protezione civile, dell\u2019agenzia Forestas e del Corpo forestale, oltre ai Vigili del fuoco.<\/p>\n\n\n\n<p>\u201cIl progetto di realizzazione della nuova Rete radio regionale con la tecnologia Dmr ha consentito di digitalizzare la rete analogica finora in uso per le comunicazioni in emergenza \u2013 ha aggiunto l\u2019assessore Lampis \u2013 La Regione Sardegna \u00e8 la prima in Italia ad attivare la configurazione Tier III, tecnologia particolarmente adatta nelle comunicazioni durante la campagna antincendio, poich\u00e9 rende possibile l\u2019instaurazione di molteplici conversazioni private e conseguentemente la gestione di altrettanti scenari operativi. Inoltre, con la nuova Rete sar\u00e0 possibile la geolocalizzazione di tutte le forze in campo, garantendo maggiore sicurezza per gli operatori e un\u2019azione di coordinamento pi\u00f9 efficace. Gli esiti della sperimentazione consentiranno ai tecnici della Protezione civile regionale di rifinire e migliorare&nbsp;la configurazione della Rete, che potr\u00e0 essere utilizzata gi\u00e0 dalla prossima campagna antincendio\u201d.<\/p>\n\n\n\n<p>Tutti i 377 Comuni saranno dotati di una stazione radio collegata alla Rete regionale, che&nbsp;coinvolger\u00e0 attivamente tutti gli attori del sistema di protezione civile in Sardegna: \"Un sistema che non sar\u00e0 valido solamente per le attivit\u00e0 antincendio, ma potr\u00e0 essere utilizzato per tutte le calamit\u00e0 naturali e per tutti gli interventi in emergenza. La&nbsp;gara pubblica bandita per i lavori di completamento (estensione della dorsale e digitalizzazione della componente analogica) e per la manutenzione della Rete ci ha consentito di risparmiare 3 milioni di euro sui 18 a disposizione. Soldi che potranno essere utilizzati per estendere e completare ulteriormente la Rete.&nbsp;Non stiamo risparmiando fatica e dedizione per&nbsp;tutelare il patrimonio ambientale della nostra terra e&nbsp;affinch\u00e9 i sardi, anche in situazioni di emergenza, possano considerarsi al sicuro. La Protezione civile sta provvedendo&nbsp;all'aggiornamento del 'Piano regionale di protezione civile' e sono riprese le esercitazioni nei territori, finora sospese a causa dell\u2019emergenza sanitaria, che consentono di sperimentare professionalit\u00e0, capacit\u00e0 e competenze nell\u2019affrontare le situazioni di emergenza che potrebbero verificarsi\u201d, ha concluso l\u2019esponente della Giunta Solinas. Com<\/p>\n","protected":false},"excerpt":{"rendered":"<p>Cagliari, 25 febbraio 2022\u00a0\u2013 \u201cL\u2019esercitazione di oggi ha riproposto gli avvenimenti della giornata dello scorso 4 luglio, che, durante la &#8216;Campagna antincendi 2021&#8217;, aveva presentato&#8230;<\/p>\n","protected":false},"author":2,"featured_media":218147,"comment_status":"closed","ping_status":"open","sticky":false,"template":"","format":"standard","meta":[],"categories":[49,52],"tags":[],"_links":{"self":[{"href":"https:\/\/www.cronacaonline.it\/index.php\/wp-json\/wp\/v2\/posts\/218146"}],"collection":[{"href":"https:\/\/www.cronacaonline.it\/index.php\/wp-json\/wp\/v2\/posts"}],"about":[{"href":"https:\/\/www.cronacaonline.it\/index.php\/wp-json\/wp\/v2\/types\/post"}],"author":[{"embeddable":true,"href":"https:\/\/www.cronacaonline.it\/index.php\/wp-json\/wp\/v2\/users\/2"}],"replies":[{"embeddable":true,"href":"https:\/\/www.cronacaonline.it\/index.php\/wp-json\/wp\/v2\/comments?post=218146"}],"version-history":[{"count":1,"href":"https:\/\/www.cronacaonline.it\/index.php\/wp-json\/wp\/v2\/posts\/218146\/revisions"}],"predecessor-version":[{"id":218148,"href":"https:\/\/www.cronacaonline.it\/index.php\/wp-json\/wp\/v2\/posts\/218146\/revisions\/218148"}],"wp:featuredmedia":[{"embeddable":true,"href":"https:\/\/www.cronacaonline.it\/index.php\/wp-json\/wp\/v2\/media\/218147"}],"wp:attachment":[{"href":"https:\/\/www.cronacaonline.it\/index.php\/wp-json\/wp\/v2\/media?parent=218146"}],"wp:term":[{"taxonomy":"category","embeddable":true,"href":"https:\/\/www.cronacaonline.it\/index.php\/wp-json\/wp\/v2\/categories?post=218146"},{"taxonomy":"post_tag","embeddable":true,"href":"https:\/\/www.cronacaonline.it\/index.php\/wp-json\/wp\/v2\/tags?post=218146"}],"curies":[{"name":"wp","href":"https:\/\/api.w.org\/{rel}","templated":true}]}}