{"id":218101,"date":"2022-02-25T05:06:23","date_gmt":"2022-02-25T04:06:23","guid":{"rendered":"https:\/\/www.cronacaonline.it\/?p=218101"},"modified":"2022-02-25T05:06:25","modified_gmt":"2022-02-25T04:06:25","slug":"il-consiglio-regionale-della-sardegna-approva-la-finanziaria-il-presidente-solinas-manovra-coraggiosa-che-crea-i-presupposti-per-la-rinascita-della-sardegna","status":"publish","type":"post","link":"https:\/\/www.cronacaonline.it\/index.php\/2022\/02\/25\/il-consiglio-regionale-della-sardegna-approva-la-finanziaria-il-presidente-solinas-manovra-coraggiosa-che-crea-i-presupposti-per-la-rinascita-della-sardegna\/","title":{"rendered":"Il Consiglio regionale della Sardegna approva la finanziaria. Il presidente Solinas: \u201cmanovra coraggiosa che crea i presupposti per la rinascita della Sardegna."},"content":{"rendered":"\n<p>Cagliari, 24 Feb 2022 \u2013\u00a0\u201cUna Finanziaria coraggiosa, che va incontro alle esigenze delle famiglie e delle imprese sarde, con particolare riguardo per quelle agricole e zootecniche duramente colpite dall\u2019aumento del costo delle materie prime e, nel caso di quelle cerealicole e ortofrutticole da eventi climatici straordinari. Abbiamo messo in campo risorse per lo sviluppo distribuendole su diversi settori di intervento con l\u2019obiettivo primario di incidere positivamente e in maniera concreta e duratura sul tessuto economico e sociale della Sardegna, a tutela delle nostre ricchezze. Nel contempo, abbiamo una legge di bilancio che per la prima volta combatte, con strumenti economici veri, mali atavici come lo spopolamento e l\u2019isolamento dei territori, favorendone la rinascita e accrescendone l\u2019attrattivit\u00e0\u201d. Lo ha detto il Presidente della Regione Christian Solinas, commentando l\u2019approvazione della Finanziaria da 9,5 miliardi di euro da parte del Consiglio Regionale. \u201cNon abbiamo trascurato le categorie pi\u00f9 deboli e i settori maggiormente colpiti dalla pandemia, a cui abbiamo prestato la massima attenzione. Oggi la Sardegna pu\u00f2 contare su uno strumento finanziario che tende la mano ai territori e alle nostre Comunit\u00e0 e che rappresenta un valido sostegno all\u2019attivit\u00e0 di Comuni ed Enti locali e un fondamentale supporto per il processo di ripresa economica della Sardegna\u201d, ha detto ancora il Presidente.<\/p>\n\n\n\n<p>La Finanziaria mette in campo consistenti risorse per sostenere un settore di vitale importanza per la Sardegna, quello agro-zootecnico, danneggiato dall\u2019indiscriminato aumento del prezzo delle materie prime. Un impegno, quello della Regione Sarda, non riscontrabile in altre Regioni italiane.<\/p>\n\n\n\n<p>Ammontano a 44 milioni di euro le risorse stanziate in favore delle aziende zootecniche dei settori suinicolo, bovino da latte e da carne e ovicaprino. \u201cManteniamo gli impegni assunti con il mondo delle campagne, che chiede giustamente alla Regione un sostegno straordinario per superare la crisi e restare competitivo \u2013 ha detto il Presidente Solinas - \u00c8 un intervento immediato e concreto tra i pi\u00f9 importanti degli ultimi anni,&nbsp;e lavoriamo per esitare a breve ulteriori misure di sostegno alla cerealicultura e al settore dell'ortofrutta. Si tratta di una nuova massiccia iniezione di liquidit\u00e0 per dare ossigeno al comparto. Non abbiamo dimenticato il polo di Arborea, che rappresenta un\u2019eccellenza sarda di livello internazionale\u201d.<\/p>\n\n\n\n<p>\u201cNon ci fermeremo qui \u2013 ha aggiunto il Presidente - Il mondo delle campagne rappresenta una ricchezza primaria della Sardegna e attende da troppo tempo un rilancio complessivo e organico.&nbsp; Questo \u00e8 il primo passo di un grande progetto di rilancio che prevede il sostegno sistematico alle aziende agricole sarde con un abbattimento strutturale dei costi di produzione. Un rilancio in termini anche quantitativi, perch\u00e9 il nostro obiettivo \u00e8 quello di ricoltivare la Sardegna riportando i giovani nelle campagne, verso l\u2019agricoltura e l\u2019allevamento. Ma questo obiettivo si pu\u00f2 raggiungere solo rendendo nuovamente competitiva e attrattiva l\u2019impresa agricola e zootecnica sarda\u201d.<\/p>\n\n\n\n<p>&nbsp;\u201cAbbiamo inteso rafforzare le prospettive di ripresa economica dopo quasi due anni di affanno a causa degli effetti della pandemia sul tessuto economico e sociale della nostra Isola. L\u2019approvazione della Finanziaria \u2013 ha detto ancora il Presidente Solinas - consente oggi di tracciare una linea netta rispetto al passato, fortemente condizionato dalla crisi sanitaria, di superare la gestione dell'emergenza e individuare un programma di interventi per lo sviluppo dei territori\u201d.<\/p>\n\n\n\n<p>Nell\u2019ambito delle politiche di sviluppo viene istituito il Fondo progettazione: 40 milioni per anticipare le spese di progettazione degli Enti locali, utili per far ripartire gli investimenti e creare sviluppo e occupazione. Vengono inoltre stanziati 5 milioni l\u2019anno nel triennio 22-23-24 per sostenere le Amministrazioni degli Enti locali con personale esperto in grado di supportarli nella gestione dei bandi nazionali ed europei e nella programmazione territoriale con l\u2019obiettivo di accorciare la forbice tra i territori pi\u00f9 virtuosi e quelli rimasti indietro. Confermato anche il fondo unico a favore degli Enti locali per un importo che supera i 600 milioni di euro.<\/p>\n\n\n\n<p>Di particolare rilevanza \u00e8 l\u2019impegno della Giunta sullo sviluppo locale e le misure di contrasto allo spopolamento. \u201cPer la prima volta - sottolinea il Presidente Solinas - si mettono in campo risorse vere e certe\u201d. La manovra stanzia fondi a favore dei nuclei familiari che risiedono o trasferiscono la residenza nei Comuni fino a 3mila abitanti e un bonus nascita che arriva fino a 600 euro mensili per ogni figlio nato dal 2022 in avanti, adottato o in affido pre adottivo fino al compimento del quinto anno di et\u00e0. Sempre in chiave di contrasto allo spopolamento \u00e8 il contributo a fondo perduto fino a 15mila euro per la ristrutturazione di prima casa destinato a chi risiede o trasferisce la residenza nei Comuni al di sotto dei 3mila abitanti. Chi invece decider\u00e0 di aprire un\u2019attivit\u00e0 nei territori pi\u00f9 deboli potr\u00e0 contare su un contributo fino a 20mila euro (contributo di 15mila per una nuova apertura, che arriva fino a 20mila in caso di nuove assunzioni). Previsto il Credito d\u2019imposta per le attivit\u00e0 vecchie e nuove che operano in quei Comuni (anche in questo caso il contributo \u00e8 soggetto a un incremento in caso di nuovo dipendente assunto).<\/p>\n\n\n\n<p>&nbsp;\u201cOgni azione politica e amministrativa deve essere ponderata e valutata in tutti i suoi aspetti. \u00c8 dovere di chi governa esplorare ogni strada per garantire un servizio migliore ai cittadini\u201d. Cos\u00ec il Presidente ha commentato il contenuto dell'emendamento della Giunta che prevede di affidare a esperti e qualificati advisor l'analisi della possibilit\u00e0 che la Regione partecipi alla creazione di una newco, totalmente o parzialmente partecipata, che gestisca il servizio aereo. \u201cL'obiettivo \u00e8 certamente interessante \u2013 ha detto - e una sua possibile realizzazione consentirebbe anche di non disperdere la professionalit\u00e0 acquisita dalle centinaia di lavoratori del settore, primi fra tutti quelli di Air Italy. Ma prima di fare delle scelte occorre analizzare tutti gli aspetti sul piano finanziario, su quello industriale e su quello legale. Per questo \u2013 ha proseguito il Presidente Solinas - ci affideremo ai massimi esperti del settore, che affiancheranno la Regione nella valutazione del percorso costitutivo di una societ\u00e0 interamente partecipata, o costituita con diverso assetto\u201d.<\/p>\n\n\n\n<p>Oggi la Regione Sarda sta realizzando una nuova strategia di concorsi pubblici e assunzioni, in numero non riscontrabile negli ultimi decenni. \u201cAccanto a questi interventi strutturali \u2013 ha detto il Presidente - si inserisce nella Finanziaria l\u2019importante provvedimento con il quale viene incrementato il contributo per consentire l\u2019assunzione di personale legata allo sblocco del turn over dell\u2019agenzia Forestas. Si tratta di una misura che, dopo dieci anni di attesa, andr\u00e0 a incidere positivamente sui livelli occupazionali in tutta la Sardegna e che andr\u00e0 a popolare di lavoratori anche le zone interne e quelle ritenute pi\u00f9 deboli\u201d. L'emendamento, fortemente voluto proprio dal Presidente, prevede un piano straordinario triennale di assunzioni per il reintegro delle unit\u00e0 di personale: nella manovra sono stanziati sei milioni di euro per il 2022 e 20 mln per ciascuno degli anni 2023 e 2024. \u201cAnche questo \u2013 sottolinea il Presidente - \u00e8 un importante impegno mantenuto dalla Giunta\u201d.<\/p>\n\n\n\n<p>Sul fronte del lavoro, le misure che hanno realizzato un paracadute durante i due anni di crisi sanitaria ed economica sono state rifinanziate, con un ulteriore impegno sui prossimi anni. Per la ripresa economica e per sostenere le imprese e i lavoratori gravati dalla crisi vengono infatti stanziati complessivamente 55 milioni per il Fondo Resisto (45 milioni in pi\u00f9, a valere sul Fondo di sviluppo e coesione 2014-2020 sono stati aggiunti nel corso della discussione in Consiglio) a cui si aggiungono 16 milioni del Fondo \u2018Sardegna Lavoro\u2019.<\/p>\n\n\n\n<p>La Regione ha anche messo al sicuro gli Enti che lavorano nel campo del teatro e della musica, e quindi nel programma degli spettacoli dal vivo: per le spese di gestione l'Aula ha portato da 7 a 9 milioni i fondi per il 2022, a 9,5 milioni per il 2023 e a 10 per il 2024. Con 1 milione e mezzo di euro l\u2019anno (4,5 milioni nel triennio) si \u00e8 invece provveduto a creare la dotazione finanziaria per la stabilizzazione degli Assuntori impiegati nei passaggi a livello per far transitare in sicurezza i treni. \u201cUna categoria quasi dimenticata \u2013 ha detto il Presidente Solinas - che dopo decenni di precariato oggi pu\u00f2 guardare al futuro con maggiore serenit\u00e0\u201d.<\/p>\n\n\n\n<p>Per la prima volta viene stanziato un contributo a fondo perduto per investimenti nel settore del commercio nella misura del 40% (30 milioni di euro). Altri 10 milioni vengono stanziati a favore degli artigiani con contributi di sostegno per il comparto (legge 949).<\/p>\n\n\n\n<p>&nbsp;\u201cAbbiamo confermato tutti gli stanziamenti per le politiche sociali \u2013 ha detto il Presidente Solinas - E resta massimo il nostro impegno per restituire ai sardi un sistema sanitario pi\u00f9 efficiente e rispondente alle esigenze attuali\u201d. Tra le misure di particolare rilievo c\u2019\u00e8 l\u2019aumento dello stanziamento per i dispositivi in favore dei diabetici: nel corso della discussione in Consiglio sono stati previsti 10 milioni in pi\u00f9 per ciascuno degli anni 2022, 2023 e 2024 (la cifra arriva ora a 20 milioni l\u2019anno) per l'acquisto e la distribuzione di microinfusori e altri dispositivi per i diabetici sardi (stanziamento inserito in un emendamento condiviso da maggioranza e opposizione) e lo stanziamento di 2,4 milioni di euro per l'aggiornamento del parco tecnologico della radiologia oncologica e interventistica dell'ospedale Oncologico Businco di Cagliari. Di fondamentale importanza anche il contributo di 6 milioni (2 milioni di euro l\u2019anno) per i medici che scelgono le sedi disagiate. \u201cOggi \u2013 ha concluso il Presidente - paghiamo le conseguenze di scelte sbagliate operate nel passato, e che hanno indebolito la sanit\u00e0 pubblica in termini qualitativi e assottigliato la forza lavoro in campo. Dobbiamo invertire la rotta, accrescendo il livello della qualit\u00e0 di un servizio essenziale per i nostri cittadini\u201d. Red<\/p>\n","protected":false},"excerpt":{"rendered":"<p>Cagliari, 24 Feb 2022 \u2013\u00a0\u201cUna Finanziaria coraggiosa, che va incontro alle esigenze delle famiglie e delle imprese sarde, con particolare riguardo per quelle agricole e&#8230;<\/p>\n","protected":false},"author":2,"featured_media":211603,"comment_status":"closed","ping_status":"open","sticky":false,"template":"","format":"standard","meta":[],"categories":[49,52],"tags":[],"_links":{"self":[{"href":"https:\/\/www.cronacaonline.it\/index.php\/wp-json\/wp\/v2\/posts\/218101"}],"collection":[{"href":"https:\/\/www.cronacaonline.it\/index.php\/wp-json\/wp\/v2\/posts"}],"about":[{"href":"https:\/\/www.cronacaonline.it\/index.php\/wp-json\/wp\/v2\/types\/post"}],"author":[{"embeddable":true,"href":"https:\/\/www.cronacaonline.it\/index.php\/wp-json\/wp\/v2\/users\/2"}],"replies":[{"embeddable":true,"href":"https:\/\/www.cronacaonline.it\/index.php\/wp-json\/wp\/v2\/comments?post=218101"}],"version-history":[{"count":1,"href":"https:\/\/www.cronacaonline.it\/index.php\/wp-json\/wp\/v2\/posts\/218101\/revisions"}],"predecessor-version":[{"id":218102,"href":"https:\/\/www.cronacaonline.it\/index.php\/wp-json\/wp\/v2\/posts\/218101\/revisions\/218102"}],"wp:featuredmedia":[{"embeddable":true,"href":"https:\/\/www.cronacaonline.it\/index.php\/wp-json\/wp\/v2\/media\/211603"}],"wp:attachment":[{"href":"https:\/\/www.cronacaonline.it\/index.php\/wp-json\/wp\/v2\/media?parent=218101"}],"wp:term":[{"taxonomy":"category","embeddable":true,"href":"https:\/\/www.cronacaonline.it\/index.php\/wp-json\/wp\/v2\/categories?post=218101"},{"taxonomy":"post_tag","embeddable":true,"href":"https:\/\/www.cronacaonline.it\/index.php\/wp-json\/wp\/v2\/tags?post=218101"}],"curies":[{"name":"wp","href":"https:\/\/api.w.org\/{rel}","templated":true}]}}