{"id":218088,"date":"2022-02-24T18:36:18","date_gmt":"2022-02-24T17:36:18","guid":{"rendered":"https:\/\/www.cronacaonline.it\/?p=218088"},"modified":"2022-02-24T18:36:21","modified_gmt":"2022-02-24T17:36:21","slug":"campagna-anti-covid-assessore-sanita-sardegna-mario-nieddu-in-arrivo-il-nuovo-vaccino","status":"publish","type":"post","link":"https:\/\/www.cronacaonline.it\/index.php\/2022\/02\/24\/campagna-anti-covid-assessore-sanita-sardegna-mario-nieddu-in-arrivo-il-nuovo-vaccino\/","title":{"rendered":"Campagna anti-Covid, Assessore Sanit\u00e0 Sardegna Mario Nieddu: in arrivo il nuovo vaccino."},"content":{"rendered":"\n<p>Cagliari, 24 Feb 2022\u00a0- Sar\u00e0 distribuito anche in Sardegna il vaccino anti-Covid Nuvaxovid della casa farmaceutica Novavax. Le prime 27.900 dosi arriveranno nell\u2019Isola domenica 27 febbraio. Il farmaco, approvato dall\u2019Aifa, \u00e8 il primo vaccino anti-Covid ad adoperare la tecnologia a subunit\u00e0 proteica, utilizzata gi\u00e0 da tempo nella produzione di vaccini per la profilassi contro altre malattie. Secondo le indicazioni dell\u2019Agenzia italiana del farmaco, Nuvaxovid prevede un ciclo di vaccinazione primario di due dosi somministrate a distanza di 21 giorni, su soggetti a partire dai 18 anni d\u2019et\u00e0.<\/p>\n\n\n\n<p>\u201cServe ancora uno sforzo\u201d, ha dichiarato in una nota l\u2019assessore regionale della Sanit\u00e0, Mario Nieddu, invitando chi ancora non lo avesse ancora fatto a sottoporsi alla vaccinazione. \u201cIl virus ha dimostrato anche in questa fase di essere un nemico temibile. Nonostante l\u2019alto numero di infezioni dato dalla grande capacit\u00e0 di diffusione delle varianti, il vaccino si \u00e8 dimostrato un\u2019arma efficace nella prevenzione delle forme pi\u00f9 gravi della malattia. A breve partir\u00e0 la campagna per la quarta dose per i soggetti immunodepressi e la Sardegna \u00e8 pronta anche per questa nuova fase\u201d.<\/p>\n\n\n\n<p>\u201cNell\u2019Isola la campagna vaccinale continua registrando numeri importanti, grazie ai tanti sardi che hanno riposto fiducia nella scienza e a un\u2019organizzazione, sul territorio, che ha saputo rispondere in modo efficace ed efficiente\u201d, ha aggiunto il Presidente della Regione Sardegna. \u201cIn poco pi\u00f9 di un anno nell\u2019Isola sono state somministrate oltre 3,6 milioni di dosi e oggi la Sardegna \u00e8 tra le prime sei regioni per popolazione vaccinata, con quasi l\u201984% dei residenti che ha completato il ciclo primario a cui si aggiunge un ulteriore 2,4% che ha ricevuto almeno una dose, mentre le somministrazioni delle dosi \u2018booster\u2019 hanno superato quota un milione.\u201d, sottolinea il Presidente. Com<\/p>\n","protected":false},"excerpt":{"rendered":"<p>Cagliari, 24 Feb 2022\u00a0&#8211; Sar\u00e0 distribuito anche in Sardegna il vaccino anti-Covid Nuvaxovid della casa farmaceutica Novavax. Le prime 27.900 dosi arriveranno nell\u2019Isola domenica 27&#8230;<\/p>\n","protected":false},"author":2,"featured_media":209098,"comment_status":"closed","ping_status":"open","sticky":false,"template":"","format":"standard","meta":[],"categories":[49,52],"tags":[],"_links":{"self":[{"href":"https:\/\/www.cronacaonline.it\/index.php\/wp-json\/wp\/v2\/posts\/218088"}],"collection":[{"href":"https:\/\/www.cronacaonline.it\/index.php\/wp-json\/wp\/v2\/posts"}],"about":[{"href":"https:\/\/www.cronacaonline.it\/index.php\/wp-json\/wp\/v2\/types\/post"}],"author":[{"embeddable":true,"href":"https:\/\/www.cronacaonline.it\/index.php\/wp-json\/wp\/v2\/users\/2"}],"replies":[{"embeddable":true,"href":"https:\/\/www.cronacaonline.it\/index.php\/wp-json\/wp\/v2\/comments?post=218088"}],"version-history":[{"count":1,"href":"https:\/\/www.cronacaonline.it\/index.php\/wp-json\/wp\/v2\/posts\/218088\/revisions"}],"predecessor-version":[{"id":218089,"href":"https:\/\/www.cronacaonline.it\/index.php\/wp-json\/wp\/v2\/posts\/218088\/revisions\/218089"}],"wp:featuredmedia":[{"embeddable":true,"href":"https:\/\/www.cronacaonline.it\/index.php\/wp-json\/wp\/v2\/media\/209098"}],"wp:attachment":[{"href":"https:\/\/www.cronacaonline.it\/index.php\/wp-json\/wp\/v2\/media?parent=218088"}],"wp:term":[{"taxonomy":"category","embeddable":true,"href":"https:\/\/www.cronacaonline.it\/index.php\/wp-json\/wp\/v2\/categories?post=218088"},{"taxonomy":"post_tag","embeddable":true,"href":"https:\/\/www.cronacaonline.it\/index.php\/wp-json\/wp\/v2\/tags?post=218088"}],"curies":[{"name":"wp","href":"https:\/\/api.w.org\/{rel}","templated":true}]}}