{"id":218061,"date":"2022-02-24T05:46:11","date_gmt":"2022-02-24T04:46:11","guid":{"rendered":"https:\/\/www.cronacaonline.it\/?p=218061"},"modified":"2022-02-24T05:46:13","modified_gmt":"2022-02-24T04:46:13","slug":"218061","status":"publish","type":"post","link":"https:\/\/www.cronacaonline.it\/index.php\/2022\/02\/24\/218061\/","title":{"rendered":"(title)"},"content":{"rendered":"\n<p>Manovra 2022-2024: legge di stabilit\u00e0, approvato l\u2019articolo 9. Iniziato l\u2019esame dell\u2019articolo 10. Il Consiglio regionale si riunir\u00e0 questa mattina alle ore 9,30<\/p>\n\n\n\n<p>Cagliari, 24 Feb 2022&nbsp;- La seduta di ieri pomeriggio \u00e8 stata aperta dal presidente Michele Pais. Dopo le formalit\u00e0 di rito il Consiglio ha proseguito l\u2019esame dell\u2019ordine del giorno con la discussione degli emendamenti collegati all\u2019art.9 (Sviluppo del territorio e dell\u2019ambiente e transizione energetica) del Dl n.301 -Legge di Stabilit\u00e0.<\/p>\n\n\n\n<p>Il consigliere Eugenio Lai (Leu) ha chiesto il voto segreto per l\u2019emendamento n.135 soppressivo del quinto comma dell\u2019articolo (transizione energetica). Il consigliere Stefano Tunis (Misto), tenuto conto della delicatezza e dell\u2019importanza richiede la massima attenzione, chiede ritiro proposta ed annuncia votazione per parti. Lai, nel ritirare la proposta, ha chiesto chiarezza sulla votazione per parti. Oppure l\u2019emendamento si potrebbe rinviare alla fase successiva. Il presidente ha risposto che esiste un problema regolamentare che impedisce la votazione di emendamenti soppressivi alla fine.<\/p>\n\n\n\n<p>Il capogruppo dei Progressisti Francesco Agus ha sostenuto che una sospensione pu\u00f2 aiutare la definizione della questione. Inoltre ha chiesto la votazione dell\u2019articolo per parti. Il presidente ha sospeso la seduta.<\/p>\n\n\n\n<p>Alla ripresa dei lavori, il presidente ha comunicato che sull\u2019emendamento n.563 (Giovanni Satta e pi\u00f9) si attende l\u2019emendamento di sintesi. Il capogruppo sardista Mula ha annunciato il voto contrario all\u2019emendamento n.135, ricordando che fra i gruppi era stato raggiunto un accordo diverso anche sulle procedure.<\/p>\n\n\n\n<p>Il capogruppo della Lega Saiu ha affermato che, dopo l\u2019intervento di Mula, non \u00e8 percorribile la strada del voto segreto perch\u00e9 \u00e8 stato dichiarato il voto.<\/p>\n\n\n\n<p>Il consigliere di Udc-Cambiamo Oppi ha ricordato che l\u2019accordo fra i gruppi prevedeva il ritiro degli emendamenti soppressivi e concluso che \u201cse salta l\u2019accordo salta per tutto\u201d. Il consigliere di Leu Lai, nel respingere ogni intimidazione, ha ribadito che la minoranza ha il diritto di esprimere la sua opinione, ed ha annunciato di voler mantenere la richiesta di voto segreto sull\u2019emendamento n.135. Il presidente ha chiarito che, se c\u2019\u00e8 una richiesta di voto segreto, ha la priorit\u00e0 e si deve accogliere non potendo essere inficiata dall\u2019esplicitazione del voto di un consigliere.<\/p>\n\n\n\n<p>A scrutinio segreto, l\u2019emendamento n.135 \u00e8 stato respinto con voti 25 favorevoli e 28 contrari.<\/p>\n\n\n\n<p>Il capogruppo del Psd\u2019Az ha annunciato il ritiro della firma del gruppo all\u2019emendamento n.580. Il presidente ha poi comunicato che, in attesa di un emendamento di sintesi, la seduta \u00e8 sono sospesa.<\/p>\n\n\n\n<p>&nbsp;I lavori sono ripresi con l\u2019illustrazione dell\u2019emendamento di sintesi 598, che modifica l\u2019emendamento 563 e prevede il Piano straordinario triennale delle assunzioni in Forestas. Il Consiglio regionale stanzia 6 milioni di euro per il 2022, 20 milioni e 20 milioni per i due anni successivi, per sostenere la chiamata del personale da reintegrare. Sono previsti progetti specifici per i Comuni che hanno maggiore bisogno di allestire cantieri boschivi ed \u00e8 prevista l\u2019attivazione di nuove convenzioni con i Comuni di Bono, Bottida, Monti e Al\u00e0 dei Sardi, con la previsione della stabilizzazione dei lavoratori precari.<\/p>\n\n\n\n<p>Sull\u2019emendamento 598 Giovanni Satta (Psd\u2019Az) ha detto: \u201cNon saranno queste assunzioni il futuro delle zone interne ma certo saranno un contrasto allo spopolamento dei territori e un\u2019azione di tutela dell\u2019immenso patrimonio boschivo della Sardegna e di prevenzione del rischio degli incendi\u201d.<\/p>\n\n\n\n<p>A seguire per il Pd Roberto Deriu ha premesso che \u201cquesta materia \u00e8 complicata per tutti e mi pare che ci sia unanimit\u00e0 di intenti.&nbsp; La previsione finanziaria ci sembra congrua ma in ogni caso i gruppi e le commissioni competenti dovrebbero lavorare ancora su questa materia per darle una sistemazione definitiva. E spero che questo accada\u201d. Della stessa opinione Salvatore Corrias (Pd): \u201cAbbiamo sottoscritto tutti questo emendamento perch\u00e9 ne avvertiamo tutti l\u2019urgenza. Spero che in commissione si possa fare un lavoro di limatura successivo ma certo che uno stanziamento cos\u00ec potrebbe essere un buon antidoto allo spopolamento perch\u00e9 chi nasce a Baunei sta a Baunei se c\u2019\u00e8 lavoro. E cos\u00ec per chi nasce a Bottida o a Escolca\u201d. Soddisfazione anche da parte dell\u2019onorevole Daniele Cocco (Progressisti): \u201cRiconosciamo oggi, finalmente, i diritti acquisiti di chi gi\u00e0 dal 2005 lavora nei cantieri di Forestas\u201d. Per i Progressisti, l\u2019on. Francesco Agus ha preso la parola: \u201cUn tema come questo non pu\u00f2 finire oggi.<\/p>\n\n\n\n<p>Per la maggioranza Franco Mula a nome del Psd\u2019Az ha chiesto il voto elettronico dell\u2019emendamento e ha aggiunto: \u201cChiedo che non siano presenti in legge i Comuni di Bono, Bottida, Monti e Al\u00e0 dei Sardi per evitare personalizzazioni. Questa \u00e8 una vittoria politica di tutti\u201d. Per Forza Italia Talanas ha detto: \u201c\u00c8 un segnale forte per le zone pi\u00f9 disagiate, voglio considerarlo un punto di partenza per le zone interne\u201d. Soddisfazione anche da Cinque stelle a nome Li Gioi: \u201cFinalmente diamo un\u2019importanza notevole all\u2019agenzia Forestas e sono fiero di aver contribuito a questa rinascita, anche in chiave turistica\u201d.<\/p>\n\n\n\n<p>Contrario Giorgio Oppi (Udc) alla rimozione del nome dei Comuni mentre per Saiu (Lega) si tratta di \u201cun lavoro prezioso svolto dai colleghi consiglieri e dalla Giunta. Voteremo per questo s\u00ec per lo sblocco del turn over, nell\u2019interesse soprattutto delle zone interne della Sardegna\u201d.<\/p>\n\n\n\n<p>L\u2019emendamento 598 \u00e8 stato approvato all\u2019unanimit\u00e0.<\/p>\n\n\n\n<p>L\u2019Aula ha poi approvato il testo dell\u2019articolo 9.<\/p>\n\n\n\n<p>Sull\u2019emendamento all\u2019emendamento 588 (della Giunta regionale) che sostituisce l\u2019importo previsto dall\u2019emendamento 515 di 5.000.000 con l\u2019importo di 3 milioni in materia di incendi, \u00e8 intervenuto Piero Comandini (PD) per chiedere all\u2019assessore le ragioni di questa diminuzione.<\/p>\n\n\n\n<p>L\u2019emendamento 588 \u00e8 stato approvato. Via libera anche al 515.<\/p>\n\n\n\n<p>Sull\u2019emendamento 574 \u201cDisposizioni in materia di trasporti\u201d Piero Comandini ha sottolineato che&nbsp;il terzo comma&nbsp;prevede di affidare&nbsp;a una societ\u00e0 specialistica la costituzione di una societ\u00e0 di trasporto aerea, una flotta sarda.&nbsp; La cosa va spiegata e sicuramente \u2013 ha detto - non introdotta con un emendamento.<\/p>\n\n\n\n<p>Massimo Zedda&nbsp;(Progressisti) ha affermato che in questa fase di&nbsp;difficolt\u00e0 del&nbsp;trasporto aereo la maggioranza dovrebbe pensare a come costruire i bandi per garantire il miglior trasporto per i sardi. Invece si vuole mettere mano a un sistema complicatissimo. Si procede al contrario: in Europa si procede all\u2019accorpamento delle compagnie e in Sardegna la giunta pensa a una flotta sarda. Per Zedda questa idea&nbsp;\u00e8 fallimentare. Ed \u00e8 una follia che questo disegno&nbsp;venga fatto senza un\u2019interlocazione con il governo nazionale. Rischiate di mettere a dura prova un sistema gi\u00e0 precario.<\/p>\n\n\n\n<p>Per Desir\u00e8 Manca (M5S)&nbsp;il comma tre esprime una precisa&nbsp;volont\u00e0&nbsp;politica che non \u00e8 stata discussa in nessuna sede, n\u00e9 tantomeno in commissione. L\u2019idea \u00e8 bellissima \u2013 ha detto ironicamente - &nbsp;finalmente una flotta sarda. La visione \u00e8 condivisibile ma la domanda \u00e8: dove prendete i soldi? &nbsp;<\/p>\n\n\n\n<p>Maria Laura Orr\u00f9 (Progressisti) ha chiesto il voto per parti. Prima il voto sui commi 1 e 2 e poi il voto sul comma 3. &nbsp;<\/p>\n\n\n\n<p>L\u2019assessore Alessandra Zedda ha provato a&nbsp;dare una spiegazione del comma 3: Non si devono confondere i bandi della continuit\u00e0 territoriale con questo emendamento anche se anche per questi&nbsp;bandi ci sarebbe bisogno di un approfondimento. Si tratta di mettere a punto una soluzione definitiva per far volare i sardi. Ma la materia \u00e8 complessa e necessita di uno studio approfondito. Per Zedda non si sta costituendo una flotta ma si sta cercando solo di approfondire il tema.<\/p>\n\n\n\n<p>Gian Franco Ganau (Pd) ha detto di non essere convinto delle spiegazioni dell\u2019assessore e ha detto che si tratta di una vera follia. Il capogruppo del Pd&nbsp;ha chiesto anche il voto a scrutinio segreto sul comma tre.<\/p>\n\n\n\n<p>L\u2019Aula ha approvato i commi 1 e 2 dell\u2019emendamento 574 e poi, con votazione a scrutinio segreto, via libera anche al comma tre (presenti&nbsp; &nbsp;52, votanti&nbsp;52, s\u00ec 31, no 21). &nbsp;&nbsp;-<\/p>\n\n\n\n<p>Il Consiglio ha approvato l\u2019emendamento 596 (uguale al 579) all\u2019emendamento 462 (Manca e pi\u00f9) che prevede di iscrivere in bilancio, relativamente alla Legge regionale 5\/17 art. 9 c. 12 (Mobilit\u00e0 passeggeri non residenti nelle isole minori della Sardegna), l\u2019incremento di 400mila euro per gli anni 2022\/2023\/2024. Il testo \u00e8 stato sottoscritto da tutti i consiglieri del Consiglio.<\/p>\n\n\n\n<p>L\u2019Aula ha approvato anche l\u2019emendamento 580 all\u2019emendamento 551 (uguale al 523), su cui il capogruppo del Psd\u2019Az ha annunciato di voler apporre nuovamente la firma di tutto il gruppo del Psd\u2019Az. L\u2019emendamento (Oppi e pi\u00f9) che, nel comma 14 dell\u2019articolo 5 della legge regionale 17 del 2021 sostituisce le parole \u201ca decorrere dall\u2019anno 2021, la spesa di 300mila euro\u201d con \u201cla spesa di 300mila euro per il 2021 e di 1.500.000 a decorrere dall\u2019anno 2022\u201d.<\/p>\n\n\n\n<p>Via libera anche all\u2019emendamento 589 della Giunta, sostitutivo totale dell\u2019emendamento&nbsp;53, che aggiunge dopo l\u2019articolo 9, l\u2019articolo 9 bis (stanziamento per il rinnovo contrattuale dei dipendenti dell\u2019Agenzia Forestas). Nel testo viene autorizzata la spesa di oltre 9,7 milioni per l\u2019anno 2022, comprensiva della spesa per gli arretrati relativi all\u2019anno 2021 e di poco meno di 6,5 milioni per l\u2019anno 2023.<\/p>\n\n\n\n<p>L\u2019Aula ha approvato anche l\u2019emendamento 590 all\u2019emendamento 560 della Giunta regionale che autorizza la spesa di 500mila euro al fine di attivare la zona economica speciale della Sardegna, istituita con DPCM del 10 dicembre 2021.<\/p>\n\n\n\n<p>Via libera anche all\u2019emendamento aggiuntivo 560 della Giunta regionale, che aggiunge l\u2019articolo 9bis, che destina, previa deliberazione della Giunta di identificazione dei criteri di programmazione, a favore dei Comuni ricadenti all\u2019interno dei contratti di Fiume o di Laguna o di costa gi\u00e0 sottoscritti, la spesa complessiva di 2 milioni di euro, di cui un milione per il 2022 e un milione per il 2023, per la redazione di studi di approfondimento e aggiornamento dei quadri conoscitivi locali e per procedere alla gestione del relativo contratto, quale strumento volontario di programmazione strategica e negoziata che contribuisce allo sviluppo locale e all\u2019attuazione delle misure non strutturali del PAI\/PGRA.<\/p>\n\n\n\n<p>L\u2019Aula \u00e8 quindi passata all\u2019esame dell\u2019articolo 10 \u201cDisposizioni in materia di contrasto allo spopolamento\u201d. Il presidente Pais ha dato la parola al presidente della commissione Bilancio, Stefano Schirru e alla Giunta per il parere sugli emendamenti. Sull\u2019ordine dei lavori sono interventi la consigliera del M5S, Desir\u00e9 Manca e il collega Gianfranco Satta (Progressisti), che hanno sottolineato l\u2019importanza dell\u2019articolo in esame e la necessit\u00e0 di poter affrontare il tema dello spopolamento alla presenza dell\u2019assessore degli Enti locali, non presente in aula. Satta ha auspicato che si rinviasse l\u2019esame del testo a domani mattina. Anche Giorgio Oppi (Udc Cambiamo) ha evidenziato che si tratta un tema molto sentito e si \u00e8 detto d\u2019accordo a riprendere l\u2019esame dell\u2019articolo domani mattina, perch\u00e9 non sarebbe possibile chiudere la discussione nella serata di oggi. Il presidente Pais ha sospeso la seduta per qualche minuto. Alla ripresa dei lavori ha annunciato, che dopo una riunione informale con i capigruppo, il Consiglio riprender\u00e0 l\u2019esame dell\u2019articolo 10 domani mattina alle 9.30. La seduta \u00e8 stata chiusa.&nbsp;Com<\/p>\n","protected":false},"excerpt":{"rendered":"<p>Manovra 2022-2024: legge di stabilit\u00e0, approvato l\u2019articolo 9. Iniziato l\u2019esame dell\u2019articolo 10. Il Consiglio regionale si riunir\u00e0 questa mattina alle ore 9,30 Cagliari, 24 Feb&#8230;<\/p>\n","protected":false},"author":2,"featured_media":211603,"comment_status":"closed","ping_status":"open","sticky":false,"template":"","format":"standard","meta":[],"categories":[49,52],"tags":[],"_links":{"self":[{"href":"https:\/\/www.cronacaonline.it\/index.php\/wp-json\/wp\/v2\/posts\/218061"}],"collection":[{"href":"https:\/\/www.cronacaonline.it\/index.php\/wp-json\/wp\/v2\/posts"}],"about":[{"href":"https:\/\/www.cronacaonline.it\/index.php\/wp-json\/wp\/v2\/types\/post"}],"author":[{"embeddable":true,"href":"https:\/\/www.cronacaonline.it\/index.php\/wp-json\/wp\/v2\/users\/2"}],"replies":[{"embeddable":true,"href":"https:\/\/www.cronacaonline.it\/index.php\/wp-json\/wp\/v2\/comments?post=218061"}],"version-history":[{"count":1,"href":"https:\/\/www.cronacaonline.it\/index.php\/wp-json\/wp\/v2\/posts\/218061\/revisions"}],"predecessor-version":[{"id":218062,"href":"https:\/\/www.cronacaonline.it\/index.php\/wp-json\/wp\/v2\/posts\/218061\/revisions\/218062"}],"wp:featuredmedia":[{"embeddable":true,"href":"https:\/\/www.cronacaonline.it\/index.php\/wp-json\/wp\/v2\/media\/211603"}],"wp:attachment":[{"href":"https:\/\/www.cronacaonline.it\/index.php\/wp-json\/wp\/v2\/media?parent=218061"}],"wp:term":[{"taxonomy":"category","embeddable":true,"href":"https:\/\/www.cronacaonline.it\/index.php\/wp-json\/wp\/v2\/categories?post=218061"},{"taxonomy":"post_tag","embeddable":true,"href":"https:\/\/www.cronacaonline.it\/index.php\/wp-json\/wp\/v2\/tags?post=218061"}],"curies":[{"name":"wp","href":"https:\/\/api.w.org\/{rel}","templated":true}]}}