{"id":218057,"date":"2022-02-24T05:25:11","date_gmt":"2022-02-24T04:25:11","guid":{"rendered":"https:\/\/www.cronacaonline.it\/?p=218057"},"modified":"2022-02-24T05:25:13","modified_gmt":"2022-02-24T04:25:13","slug":"flotta-aerea-sarda-il-presidente-solinas-doveroso-esplorare-ogni-strada-per-garantire-ai-sardi-il-migliore-servizio","status":"publish","type":"post","link":"https:\/\/www.cronacaonline.it\/index.php\/2022\/02\/24\/flotta-aerea-sarda-il-presidente-solinas-doveroso-esplorare-ogni-strada-per-garantire-ai-sardi-il-migliore-servizio\/","title":{"rendered":"Flotta aerea sarda, il presidente Solinas: doveroso esplorare ogni strada per garantire ai sardi il migliore servizio."},"content":{"rendered":"\n<p>Cagliari, 24 Feb 2022 -\u00a0\"Ogni azione politica e amministrativa deve essere ponderata e valutata in tutti i suoi aspetti. \u00c8 dovere di chi governa esplorare ogni strada per garantire un servizio migliore ai cittadini\". Cos\u00ec il Presidente della Regione, Christian Solinas, commenta il contenuto dell'emendamento della Giunta, approvato dall'Aula nell'esame della Finanziaria, che prevede di affidare a esperti e qualificati consulenti l'analisi della possibilit\u00e0 che la Regione partecipi alla creazione di una newco, totalmente o parzialmente partecipata, che gestisca il servizio aereo. \"L'obiettivo \u00e8 certamente interessante - dice il Presidente - e una sua possibile realizzazione consentirebbe anche di non disperdere la professionalit\u00e0 acquisita dalle centinaia di lavoratori del settore, primi fra tutti quelli di Air Italy. Ma prima di fare delle scelte occorre analizzare tutti gli aspetti sul piano finanziario, su quello industriale e su quello legale. Per questo - prosegue il Presidente Solinas - ci affideremo ai massimi esperti del settore, che affiancheranno la Regione nella valutazione del percorso costitutivo di una societ\u00e0 interamente partecipata, o costituita con diverso assetto.\u00a0<\/p>\n\n\n\n<p>La Sardegna - prosegue il Presidente - ha diritto ad un sistema di collegamenti aerei realmente efficace e competitivo. Occorrono scelte coraggiose, e questo \u00e8 il ruolo della politica, ma anche ponderate e valutate in tutti gli aspetti sul piano della convenienza economica, della sostenibilit\u00e0 finanziaria, nonch\u00e9 della compatibilit\u00e0 della scelta con i principi di efficienza, efficacia, economicit\u00e0 e compatibilit\u00e0 con il quadro normativo europeo\". Com<\/p>\n","protected":false},"excerpt":{"rendered":"<p>Cagliari, 24 Feb 2022 &#8211;\u00a0&#8220;Ogni azione politica e amministrativa deve essere ponderata e valutata in tutti i suoi aspetti. \u00c8 dovere di chi governa esplorare&#8230;<\/p>\n","protected":false},"author":2,"featured_media":187128,"comment_status":"closed","ping_status":"open","sticky":false,"template":"","format":"standard","meta":[],"categories":[49,52],"tags":[],"_links":{"self":[{"href":"https:\/\/www.cronacaonline.it\/index.php\/wp-json\/wp\/v2\/posts\/218057"}],"collection":[{"href":"https:\/\/www.cronacaonline.it\/index.php\/wp-json\/wp\/v2\/posts"}],"about":[{"href":"https:\/\/www.cronacaonline.it\/index.php\/wp-json\/wp\/v2\/types\/post"}],"author":[{"embeddable":true,"href":"https:\/\/www.cronacaonline.it\/index.php\/wp-json\/wp\/v2\/users\/2"}],"replies":[{"embeddable":true,"href":"https:\/\/www.cronacaonline.it\/index.php\/wp-json\/wp\/v2\/comments?post=218057"}],"version-history":[{"count":1,"href":"https:\/\/www.cronacaonline.it\/index.php\/wp-json\/wp\/v2\/posts\/218057\/revisions"}],"predecessor-version":[{"id":218058,"href":"https:\/\/www.cronacaonline.it\/index.php\/wp-json\/wp\/v2\/posts\/218057\/revisions\/218058"}],"wp:featuredmedia":[{"embeddable":true,"href":"https:\/\/www.cronacaonline.it\/index.php\/wp-json\/wp\/v2\/media\/187128"}],"wp:attachment":[{"href":"https:\/\/www.cronacaonline.it\/index.php\/wp-json\/wp\/v2\/media?parent=218057"}],"wp:term":[{"taxonomy":"category","embeddable":true,"href":"https:\/\/www.cronacaonline.it\/index.php\/wp-json\/wp\/v2\/categories?post=218057"},{"taxonomy":"post_tag","embeddable":true,"href":"https:\/\/www.cronacaonline.it\/index.php\/wp-json\/wp\/v2\/tags?post=218057"}],"curies":[{"name":"wp","href":"https:\/\/api.w.org\/{rel}","templated":true}]}}