{"id":218034,"date":"2022-02-23T15:41:02","date_gmt":"2022-02-23T14:41:02","guid":{"rendered":"https:\/\/www.cronacaonline.it\/?p=218034"},"modified":"2022-02-23T15:41:04","modified_gmt":"2022-02-23T14:41:04","slug":"sopralluoghi-dellassessore-salaris-nel-meilogu-nuove-opere-a-bonnanaro-e-siligo-frutto-dellimpegno-della-regione","status":"publish","type":"post","link":"https:\/\/www.cronacaonline.it\/index.php\/2022\/02\/23\/sopralluoghi-dellassessore-salaris-nel-meilogu-nuove-opere-a-bonnanaro-e-siligo-frutto-dellimpegno-della-regione\/","title":{"rendered":"Sopralluoghi dell\u2019assessore Salaris nel Meilogu. \u201cNuove opere a Bonnanaro e Siligo, frutto dell\u2019impegno della regione\u201d."},"content":{"rendered":"\n<p>Cagliari, 23 Feb 2022 \u2013\u00a0Partiranno a breve i lavori di abbattimento e rifacimento del ponte di innesto sulla 131 nel Comune di Siligo mentre prosegue l\u2019intervento sull\u2019impalcato di Bonnanaro che verr\u00e0 presto sostituito con un nuovo ponte. \u201cSi tratta di demolizioni necessarie perch\u00e9 i due ponti non erano pi\u00f9 in grado di sostenere il peso di trasporti eccezionali e che si inseriscono nel quadro dell\u2019importante azione di efficientamento della rete stradale sarda. Sono due interventi particolarmente attesi dalle Comunit\u00e0, che nonostante il rincaro dei materiali e la difficolt\u00e0 di reperimento degli acciai che interessa anche le opere pubbliche vedranno la luce in tempi relativamente brevi grazie all\u2019impegno, alla determinazione e alla volont\u00e0 di dare risposte concrete ai Comuni interessati\u201d. Lo ha detto l\u2019Assessore dei Lavori Pubblici, Aldo Salaris, che questa mattina, alla presenza dei rappresentanti di Anas, ha effettuato due sopralluoghi sulla Strada Statale 131 nei territori di Bonnanaro e Siligo (presenti anche i sindaci), interessati dai due interventi che secondo l\u2019esponente della Giunta Sarda andranno a impattare positivamente sullo sviluppo della zona.<\/p>\n\n\n\n<p>\u201cLa Regione \u00e8 vicina ai Comuni e pronta a dare risposte celeri alle richieste che arrivano dalle Comunit\u00e0, obiettivo che stiamo perseguendo con impegno per mettere a frutto la nuova stagione di investimenti sulla rete viaria sarda che anche grazie alla leva del Fondo Complementare e del Fondo di Coesione sui quali stiamo cercando di inserirci (come gi\u00e0 avvenuto con la delibera Cipess), ci consentir\u00e0 di intervenire per ridurre il deficit di infrastrutture, in questo caso stradali, che rappresenta un freno allo sviluppo della nostra Isola \u2013 ha spiegato l\u2019esponente della Giunta della Sardegna -&nbsp;&nbsp;Agevolare i collegamenti per migliorare gli standard di percorribilit\u00e0 e garantire la sicurezza stradale sono le linee d\u2019azione che ci siamo dati per rispondere alle esigenze dei territori. Siamo impegnati nel recupero dei ritardi accumulati anche in virt\u00f9 della crisi legata al Covid e, soprattutto in questa fase, del rincaro e delle difficolt\u00e0 di approvvigionamento dei materiali - ha concluso l\u2019Assessore Salaris - con l\u2019obiettivo di accelerare quanto pi\u00f9 possibile la realizzazione delle opere immediatamente cantierabili (anche di piccole dimensioni e a impatto ridotto) e per intervenire sulle principali arterie stradali sarde\u201d.&nbsp;<\/p>\n\n\n\n<p>Nel corso del sopralluogo a Bonnanaro \u00e8 stato preso l\u2019impegno da parte di Anas di procedere con lo studio preliminare per la realizzazione di un sovra passo con accesso diretto sulla 131 (in direzione Sassari dopo il bivio Mores-Olbia- Bonnanaro) che colleghi la viabilit\u00e0 delle aree agricole e artigianali nei due versanti e con&nbsp;la ex strada statale 131. Lo studio preliminare servir\u00e0 per individuare il punto migliore per i lavori e per avere una prima stima rispetto all\u2019entit\u00e0 del costo, sulla base dei quali poi si potr\u00e0 fornire un riscontro alla richiesta in tal senso del Comune. Il Comune di Siligo ha invece posto all\u2019attenzione di Anas e della Regione \u2013 ottenendo la massima collaborazione - la necessit\u00e0 di partire a breve con i lavori di abbattimento del ponte, di messa in sicurezza di una strada di collegamento di pertinenza provinciale (che necessiter\u00e0 quindi di una interlocuzione diretta con la Provincia) e della necessit\u00e0 di prevedere una viabilit\u00e0 alternativa, con senso unico alternato, in occasione della transumanza del bestiame sul tratto gi\u00e0 oggetto di deviazione per consentire i lavori sul ponte. Com<\/p>\n","protected":false},"excerpt":{"rendered":"<p>Cagliari, 23 Feb 2022 \u2013\u00a0Partiranno a breve i lavori di abbattimento e rifacimento del ponte di innesto sulla 131 nel Comune di Siligo mentre prosegue&#8230;<\/p>\n","protected":false},"author":2,"featured_media":218035,"comment_status":"closed","ping_status":"open","sticky":false,"template":"","format":"standard","meta":[],"categories":[49,52],"tags":[],"_links":{"self":[{"href":"https:\/\/www.cronacaonline.it\/index.php\/wp-json\/wp\/v2\/posts\/218034"}],"collection":[{"href":"https:\/\/www.cronacaonline.it\/index.php\/wp-json\/wp\/v2\/posts"}],"about":[{"href":"https:\/\/www.cronacaonline.it\/index.php\/wp-json\/wp\/v2\/types\/post"}],"author":[{"embeddable":true,"href":"https:\/\/www.cronacaonline.it\/index.php\/wp-json\/wp\/v2\/users\/2"}],"replies":[{"embeddable":true,"href":"https:\/\/www.cronacaonline.it\/index.php\/wp-json\/wp\/v2\/comments?post=218034"}],"version-history":[{"count":1,"href":"https:\/\/www.cronacaonline.it\/index.php\/wp-json\/wp\/v2\/posts\/218034\/revisions"}],"predecessor-version":[{"id":218036,"href":"https:\/\/www.cronacaonline.it\/index.php\/wp-json\/wp\/v2\/posts\/218034\/revisions\/218036"}],"wp:featuredmedia":[{"embeddable":true,"href":"https:\/\/www.cronacaonline.it\/index.php\/wp-json\/wp\/v2\/media\/218035"}],"wp:attachment":[{"href":"https:\/\/www.cronacaonline.it\/index.php\/wp-json\/wp\/v2\/media?parent=218034"}],"wp:term":[{"taxonomy":"category","embeddable":true,"href":"https:\/\/www.cronacaonline.it\/index.php\/wp-json\/wp\/v2\/categories?post=218034"},{"taxonomy":"post_tag","embeddable":true,"href":"https:\/\/www.cronacaonline.it\/index.php\/wp-json\/wp\/v2\/tags?post=218034"}],"curies":[{"name":"wp","href":"https:\/\/api.w.org\/{rel}","templated":true}]}}