{"id":218004,"date":"2022-02-23T06:12:43","date_gmt":"2022-02-23T05:12:43","guid":{"rendered":"https:\/\/www.cronacaonline.it\/?p=218004"},"modified":"2022-02-23T06:12:45","modified_gmt":"2022-02-23T05:12:45","slug":"agricoltura-40-milioni-di-euro-per-le-aziende-zootecniche-il-presidente-solinas-manteniamo-gli-impegni-assunti-con-il-mondo-delle-campagne","status":"publish","type":"post","link":"https:\/\/www.cronacaonline.it\/index.php\/2022\/02\/23\/agricoltura-40-milioni-di-euro-per-le-aziende-zootecniche-il-presidente-solinas-manteniamo-gli-impegni-assunti-con-il-mondo-delle-campagne\/","title":{"rendered":"Agricoltura, 40 milioni di euro per le aziende zootecniche. il presidente Solinas: \u201cmanteniamo gli impegni assunti con il mondo delle campagne."},"content":{"rendered":"\n<p>Cagliari, 22 Feb 2022 \u2013\u00a0Quaranta milioni di euro agli allevatori sardi per far fronte al caro prezzi che grava sulle materie prime. Un forte sostegno predisposto dalla Giunta con un emendamento alla Finanziaria, per soccorrere le aziende sarde danneggiate dalle conseguenze economiche della crisi.\u00a0\u00a0\u201cManteniamo gli impegni assunti con il mondo delle campagne, che chiede giustamente alla Regione un sostegno straordinario per superare la crisi e restare competitivo. \u00c8 un intervento immediato e concreto tra i pi\u00f9 importanti degli ultimi anni e di portata non riscontrabile in altre Regioni italiane - commenta il presidente della Regione, Christian Solinas - a sostegno del mondo zootecnico, del settore del bovino da latte e carne e di quello ovicaprino, che stanno soffrendo in maniera particolare l\u2019aumento abnorme e fuori controllo dei costi delle materie prime. Lavoriamo per esitare a breve ulteriori misure di sostegno alla cerealicoltura e al settore dell\u2019ortofrutta, stremate dai rincari e dalle particolari avversit\u00e0 climatiche di questa stagione. Si tratta di una nuova massiccia iniezione di liquidit\u00e0 per dare ossigeno al comparto, dopo i quattro milioni appena destinati ai suinicoltori. Non abbiamo dimenticato il polo di Arborea, che rappresenta un\u2019eccellenza sarda di livello internazionale\u201d.<\/p>\n\n\n\n<p>L\u2019emendamento prevede una dotazione finanziaria di 40 milioni di euro (17 milioni e 500mila per i capi bovini e 22 milioni e 500mila per quelli ovini e caprini) con un sistema di sovvenzione dirette.&nbsp;<\/p>\n\n\n\n<p>\u201cNon ci fermeremo certo qui\u201d, aggiunge il presidente Solinas. \u201cIl mondo delle campagne rappresenta una ricchezza primaria della Sardegna e attende da troppo tempo un rilancio complessivo e organico.&nbsp;&nbsp;Questo \u00e8 il primo passo di un grande progetto di rilancio che prevede il sostegno sistematico alle aziende agricole sarde con un abbattimento strutturale dei costi di produzione. Un rilancio in termini anche quantitativi, perch\u00e9 il nostro obiettivo \u00e8 quello di ricoltivare la Sardegna riportando i giovani nelle campagne, verso l\u2019agricoltura e l\u2019allevamento. Ma questo obiettivo - aggiunge il Presidente - si pu\u00f2 raggiungere solo rendendo nuovamente competitiva e attrattiva l\u2019impresa agricola e zootecnica sarda. Dopo le aziende zootecniche sono imminenti nuove misure anche per i comparti dell\u2019ortofrutta e della cerealicoltura. Stiamo mantenendo le promesse fatte continuando a fare la nostra parte perch\u00e9 il nostro mondo delle campagne non pu\u00f2 pi\u00f9 aspettare. Ogni passo successivo sar\u00e0 frutto di un confronto franco e aperto con gli imprenditori agricoli e zootecnici e con le loro organizzazioni di categoria, in un clima costruttivo di collaborazione tra mondo imprenditoriale e istituzioni. Una nuova stagione di dialogo che porti a rendere pi\u00f9 agevole il lavoro delle nostre imprese, anche con l\u2019abbattimento dei tempi della burocrazia che rallenta l\u2019applicazione pratica dei sostegni destinati alle campagne. La Regione, oggi pi\u00f9 che mai - conclude il presidente Solinas - \u00e8 vicina al mondo delle aziende agricole e zootecniche, al quale guarda con gratitudine e ammirazione, con la consapevolezza che non pu\u00f2 esserci economia virtuosa in Sardegna senza il prezioso lavoro, frutto di tanti sacrifici, di chi lavora nelle campagne tenendo in vita un\u2019attivit\u00e0 che non \u00e8 solo economica, ma \u00e8 anche tradizione e cultura\u201d. Com<\/p>\n","protected":false},"excerpt":{"rendered":"<p>Cagliari, 22 Feb 2022 \u2013\u00a0Quaranta milioni di euro agli allevatori sardi per far fronte al caro prezzi che grava sulle materie prime. Un forte sostegno&#8230;<\/p>\n","protected":false},"author":2,"featured_media":203111,"comment_status":"closed","ping_status":"open","sticky":false,"template":"","format":"standard","meta":[],"categories":[49,52],"tags":[],"_links":{"self":[{"href":"https:\/\/www.cronacaonline.it\/index.php\/wp-json\/wp\/v2\/posts\/218004"}],"collection":[{"href":"https:\/\/www.cronacaonline.it\/index.php\/wp-json\/wp\/v2\/posts"}],"about":[{"href":"https:\/\/www.cronacaonline.it\/index.php\/wp-json\/wp\/v2\/types\/post"}],"author":[{"embeddable":true,"href":"https:\/\/www.cronacaonline.it\/index.php\/wp-json\/wp\/v2\/users\/2"}],"replies":[{"embeddable":true,"href":"https:\/\/www.cronacaonline.it\/index.php\/wp-json\/wp\/v2\/comments?post=218004"}],"version-history":[{"count":1,"href":"https:\/\/www.cronacaonline.it\/index.php\/wp-json\/wp\/v2\/posts\/218004\/revisions"}],"predecessor-version":[{"id":218005,"href":"https:\/\/www.cronacaonline.it\/index.php\/wp-json\/wp\/v2\/posts\/218004\/revisions\/218005"}],"wp:featuredmedia":[{"embeddable":true,"href":"https:\/\/www.cronacaonline.it\/index.php\/wp-json\/wp\/v2\/media\/203111"}],"wp:attachment":[{"href":"https:\/\/www.cronacaonline.it\/index.php\/wp-json\/wp\/v2\/media?parent=218004"}],"wp:term":[{"taxonomy":"category","embeddable":true,"href":"https:\/\/www.cronacaonline.it\/index.php\/wp-json\/wp\/v2\/categories?post=218004"},{"taxonomy":"post_tag","embeddable":true,"href":"https:\/\/www.cronacaonline.it\/index.php\/wp-json\/wp\/v2\/tags?post=218004"}],"curies":[{"name":"wp","href":"https:\/\/api.w.org\/{rel}","templated":true}]}}