{"id":218001,"date":"2022-02-23T06:10:36","date_gmt":"2022-02-23T05:10:36","guid":{"rendered":"https:\/\/www.cronacaonline.it\/?p=218001"},"modified":"2022-02-23T06:10:39","modified_gmt":"2022-02-23T05:10:39","slug":"il-sindaco-truzzu-illustra-il-dup-2022-2024-e-annuncia-il-nome-dellalter-nos","status":"publish","type":"post","link":"https:\/\/www.cronacaonline.it\/index.php\/2022\/02\/23\/il-sindaco-truzzu-illustra-il-dup-2022-2024-e-annuncia-il-nome-dellalter-nos\/","title":{"rendered":"Il sindaco Truzzu illustra il Dup 2022-2024 e annuncia il nome dell&#8217;Alter Nos."},"content":{"rendered":"\n<p>Cagliari, 23 Feb 2022 - Seduta del Consiglio importante quella che si \u00e8 registrata questo pomeriggio di marted\u00ec 22 febbraio 2022 a Cagliari. In videoconferenza, dal suo studio al terzo piano del Palazzo Civico di via Roma 145 il sindaco Paolo Truzzu ha infatti illustrato il Documento unico di programmazione, conosciuto anche con l'acronimo Dup, che rappresenta la guida strategica e operativa dell'Amministrazione comunale. Come una \u201cmappa\u201d, individua, cio\u00e8, gli obiettivi da raggiungere con attivit\u00e0 da portare avanti trasversalmente per almeno i prossimi due anni e mezzo. \u201cI n prosecuzione con le linee individuate all'inizio del mandato\u201d.<\/p>\n\n\n\n<p>Attraverso pi\u00f9 di 300 pagine, il Dup si sviluppa principalmente su 2 Sezioni. Quella \u201cStrategica\u201d, la SeS 2022-2023-2024 appunto, di durata pari a quella dell\u2019incarico di mandato amministrativo. E la \u201cSezione Operativa\u201d, la SeO, che fa invece riferimento a un'orizzonte temporale correlato al Bilancio di previsione, su cui l'Aula di Palazzo Bacaredda sar\u00e0 impegnata nei prossimi mesi.<\/p>\n\n\n\n<p>La SeS risponde dunque al \u201ccosa\u201d. Concretizza cio\u00e8 le linee programmatiche dell'Amministrazione. Attraverso scelte ben precise. Sulla base del quadro economico-normativo nazionale e regionale, ma con lo sguardo puntato sul contesto territoriale e la struttura organizzativa del Comune, 9 le direttrici individuate per una citt\u00e0 \u201crigenerata\u201d, \u201cagile\u201d, \u201cin salute\u201d, \u201cdel benessere equo\u201d, \u201cdel benessere sostenibile\u201d, \u201cdello sviluppo\u201d, \u201chub\u201d, \u201cdel futuro\u201d e \u201cdella pubblic value governance\u201d.<\/p>\n\n\n\n<p>La SeO da invece risposta al \u201ccome\u201d. Spiega, pertanto, i progetti e li colloca in 16 precisi ambiti o \u201cmissioni\u201d. Da \u201cServizi istituzionali e generali, di gestione e di controllo\u201d, per garantire, fra le altre cose, un'informazione tempestiva e completa ai cittadini sull'attivit\u00e0 dei consiglieri, del Consiglio e delle Commissioni, a \u201cOrdine pubblico e sicurezza\u201d, per tutelare le zone del Centro storico e quelle a maggiore vocazione turistica, con azioni di presidio. Da \u201cistruzione e diritto allo studio\u201d, attraverso azioni di politica educativa, dal nido all'Universit\u00e0, all'istruzione per gli adulti in base agli obiettivi dell'Agenda 2030, a \u201cTutela e valorizzazione dei beni e delle attivit\u00e0 culturali\u201d, per la riqualificazione, recupero e restauro di monumenti, palazzi storici, chiese, scavi archeologici, ma non solo. Da \u201cPolitiche giovanili, sport e tempo libero\u201d, che prevede tra gli interventi la riqualificazione del Palazzetto dello Sport e dello Stadio Sant'Elia, a \u201cTurismo\u201d. E ancora, \u201cAssetto del territorio e edilizia abitativa\u201d, \u201cSviluppo sostenibile e tutela del territorio e dell'ambiente\u201d, \u201cTrasporti e diritto alla mobilit\u00e0\u201d, \u201cSoccorso civile\u201d, \u201cDiritti sociali, politiche sociali e famiglia\u201d, \u201cTutela della salute\u201d, \u201cSviluppo economico e competitivit\u00e0\u201d, \u201cPolitiche per il lavoro e la formazione professionale\u201d e \u201cEnergia e diversificazione delle fonti energetiche\u201d, per l'efficientamento energetico del patrimonio comunale e l'incentivazione all'uso di materiali ecosostenibili, d'intesa anche con la Citt\u00e0 Metropolitana.<\/p>\n\n\n\n<p>\u201cPer dare un quadro complessivo le&nbsp;risorse certe di cui Cagliari pu\u00f2 beneficiare \u2013 ha precisato Truzzu - sono sostanzialmente quelle del REACT-EU (70 milioni di euro) e sulle quali il Comune sta gi\u00e0 realizzando interventi, quelle del nuovo PON METRO (222 milioni di euro), quella della nuova programmazione regionale 2021-2027 del POR FESR, quelle del PNRR (108 milioni di euro, oltre i 10 milioni gi\u00e0 utilizzati per l'acquisto di bus elettrici) e finanziamenti di natura ministeriale, europea e dell'avanzo di bilancio comunale.<\/p>\n\n\n\n<p>Inoltre, \u201c104 milioni di euro sono disponibili per i piani integrati della Citt\u00e0 Metropolitana, a cui Cagliari si candider\u00e0 tra l'altro per la riqualificazione del Mercato di San Benedetto. Tre milioni e mezzo sono previsti per le ciclovie universitarie, a cui si aggiungono risorse importanti per il Porto per un totale di 132 milioni di euro; altri 10 saranno dedicati alla ZES, al centro dell'incontro di una quindicina di giorni fa con il Ministero delle Infrastrutture e della Mobilit\u00e0 sostenibile\u201d.<\/p>\n\n\n\n<p>Dati alla mano, \u201cCagliari - ha poi spiegato il sindaco durante l'illustrazione del documento - conta attualmente 152.542 abitanti. Il 47% delle famiglie \u00e8 costituito da una sola persona, con un'et\u00e0 media dei residenti che ha superato i 49 anni\u201d. Considerevole la \u201cquantit\u00e0 di verde pubblico attrezzato a disposizione dei cittadini: circa il 20% del territorio comunale e quello sulla raccolta differenziata che nel mese di novembre del 2021 ha raggiunto la quota di 72,93%. In costante crescita rispetto ai dati gi\u00e0 positivi degli anni precedenti\u201d.<\/p>\n\n\n\n<p>Il Programma triennale delle Opere pubbliche, il Programma biennale degli acquisti di beni e servizi, nonch\u00e9 il Programma triennale di fabbisogno del personale, saranno approvati autonomamente e inseriti nella Nota di aggiornamento al Dup la quale sar\u00e0 presentata unitamente al Bilancio di previsione. Comunque, \u201cdopo il blocco causato dal Covid-19 e grazie alle nuove norme varate dal Governo \u2013 ha detto Truzzu \u2013 il Comune potr\u00e0 aumentare gi\u00e0 nel corso di quest'anno, anche in funzione dei concorsi in atto, il personale dipendente di oltre 100 unit\u00e0\u201d.<\/p>\n\n\n\n<p>Insomma, \u201cprendersi cura di Cagliari e rilancio\u201d il tratto caratteristico del Dup 2022-2023-2024.<\/p>\n\n\n\n<p>In videoconferenza, in avvio di seduta il sindaco Truzzu ha annunciato che l'Alter Nos della 366^ Festa di Sant'Efisio sar\u00e0 l'assessora Viviana Lantini. Medico e direttore del Pronto Soccorso dell'Ospedale Sirai di Carbonia, la rappreserntante dell'Esecutivo cittadino titolare delle Politiche sociali, \u00e8 figura simbolica anche della lotta contro il Covid-19.<\/p>\n\n\n\n<p>Riferendosi infine agli episodi causati ieri dalle tifoserie in occasione dell'incontro di calcio Cagliari-Napoli il primo cittadino ha poi rimarcato che \u201csolo l\u2019intelligenza e il buonsenso dei cagliaritani hanno impedito che una partita di calcio potesse trasformarsi in una giornata drammatica. Bastava reagire alla provocazione del tifo organizzato del Napoli in pieno centro per scatenare un inferno in citt\u00e0. Cagliari \u00e8 stata superiore dentro e fuori dal campo\u201d.<\/p>\n\n\n\n<p>Video disponibile nel canale istituzionale Youtube al link:<a href=\"https:\/\/youtu.be\/LkIUlQg1uNo\" target=\"_blank\" rel=\"noreferrer noopener\">&nbsp;https:\/\/youtu.be\/LkIUlQg1uNo&nbsp;<\/a>Con preghiera di cortese diffusione.<\/p>\n","protected":false},"excerpt":{"rendered":"<p>Cagliari, 23 Feb 2022 &#8211; Seduta del Consiglio importante quella che si \u00e8 registrata questo pomeriggio di marted\u00ec 22 febbraio 2022 a Cagliari. In videoconferenza,&#8230;<\/p>\n","protected":false},"author":2,"featured_media":218002,"comment_status":"closed","ping_status":"open","sticky":false,"template":"","format":"standard","meta":[],"categories":[49,52],"tags":[],"_links":{"self":[{"href":"https:\/\/www.cronacaonline.it\/index.php\/wp-json\/wp\/v2\/posts\/218001"}],"collection":[{"href":"https:\/\/www.cronacaonline.it\/index.php\/wp-json\/wp\/v2\/posts"}],"about":[{"href":"https:\/\/www.cronacaonline.it\/index.php\/wp-json\/wp\/v2\/types\/post"}],"author":[{"embeddable":true,"href":"https:\/\/www.cronacaonline.it\/index.php\/wp-json\/wp\/v2\/users\/2"}],"replies":[{"embeddable":true,"href":"https:\/\/www.cronacaonline.it\/index.php\/wp-json\/wp\/v2\/comments?post=218001"}],"version-history":[{"count":1,"href":"https:\/\/www.cronacaonline.it\/index.php\/wp-json\/wp\/v2\/posts\/218001\/revisions"}],"predecessor-version":[{"id":218003,"href":"https:\/\/www.cronacaonline.it\/index.php\/wp-json\/wp\/v2\/posts\/218001\/revisions\/218003"}],"wp:featuredmedia":[{"embeddable":true,"href":"https:\/\/www.cronacaonline.it\/index.php\/wp-json\/wp\/v2\/media\/218002"}],"wp:attachment":[{"href":"https:\/\/www.cronacaonline.it\/index.php\/wp-json\/wp\/v2\/media?parent=218001"}],"wp:term":[{"taxonomy":"category","embeddable":true,"href":"https:\/\/www.cronacaonline.it\/index.php\/wp-json\/wp\/v2\/categories?post=218001"},{"taxonomy":"post_tag","embeddable":true,"href":"https:\/\/www.cronacaonline.it\/index.php\/wp-json\/wp\/v2\/tags?post=218001"}],"curies":[{"name":"wp","href":"https:\/\/api.w.org\/{rel}","templated":true}]}}