{"id":217999,"date":"2022-02-22T19:19:08","date_gmt":"2022-02-22T18:19:08","guid":{"rendered":"https:\/\/www.cronacaonline.it\/?p=217999"},"modified":"2022-02-22T19:19:10","modified_gmt":"2022-02-22T18:19:10","slug":"consiglio-sardegna-commissione-sanita-audizioni-dei-vertici-dellaou-di-sassari-sulle-problematiche-della-struttura-e-la-situazione-del-reparto-di-nefrologia-e-dialisi","status":"publish","type":"post","link":"https:\/\/www.cronacaonline.it\/index.php\/2022\/02\/22\/consiglio-sardegna-commissione-sanita-audizioni-dei-vertici-dellaou-di-sassari-sulle-problematiche-della-struttura-e-la-situazione-del-reparto-di-nefrologia-e-dialisi\/","title":{"rendered":"Consiglio Sardegna &#8211; Commissione Sanit\u00e0: audizioni dei vertici dell\u2019Aou di Sassari sulle problematiche della struttura e la situazione del reparto di Nefrologia e Dialisi."},"content":{"rendered":"\n<p>Cagliari, 22 febbraio 2022 \u2013 La commissione Sanit\u00e0, presieduta da Antonio Mario Mundula (Fdi) ha ascoltato i responsabili dell\u2019Aou di Sassari sulle problematiche dell\u2019azienda (uno dei due centri sanitari della Sardegna con funzioni di Dea di secondo livello) e la situazione del reparto di Nefrologia e Dialisi.<\/p>\n\n\n\n<p>Il direttore generale dell\u2019Aou sassarese Antonio Spano ha richiamato l\u2019attenzione della commissione sul sovraffollamento che ha interessato l\u2019azienda in questa fase della pandemia, durante la quale \u00e8 stato necessario accogliere un numero crescente di utenti \u201cesterni\u201d provenienti non solo dal territorio di riferimento ma anche da altre aree centro-meridionali dell\u2019Isola.<\/p>\n\n\n\n<p>Il risultato di questi flussi anomali, ha aggiunto, ha determinato un ulteriore \u201cstress\u201d per tutte le componenti della struttura e, in modo particolare, per il Pronto soccorso che ha fatto registrare oltre 70.000 accessi nel 2021 ed un movimento quotidiano medio di 35\/40 barelle. Inoltre, ha ricordato Spano, non pu\u00f2 essere trascurata la questione della logistica perch\u00e9 gli stabilimenti che fanno capo all\u2019azienda hanno un\u2019et\u00e0 media molto elevata (alcuni risalgono addirittura agli anni \u201930, \u201850 e \u201960 fatta eccezione la nuova ala del SS. Annunziata di Sassari) nei quali sono stati realizzati interventi di manutenzione molto limitati.<\/p>\n\n\n\n<p>Per il futuro, ha avvertito il dr. Spano, \u00e8 necessario rinnovare i contratti Covid in scadenza il 31 marzo prossimo, con la fine dello stato di emergenza. Senza queste unit\u00e0, medici (fra i quali anestesisti e rianimatori), infermieri ed assistenti l\u2019azienda non sarebbe in grado di fronteggiare n\u00e9 la domanda di salute collegata al Covid n\u00e9 quella relativa alle altre patologie ordinarie. Inoltre, ha concluso, occorre sbloccare i concorsi e predisporre quanto prima le linee \u2013 guida degli atti aziendali per consentire alle Asl territoriali di diventare pienamente operative.<\/p>\n\n\n\n<p>Sulla situazione del reparto di Nefrologia e Dialisi, le gravi carenze di personale (appena 7 medici in servizio) hanno determinato, per la prima volta, la chiusura degli ambulatori che sia pure con difficolt\u00e0 garantivano 6\/7000 visite all\u2019anno, mantenendo in funzione solo le unit\u00e0 di trapianto e pre-dialisi. Una situazione non pi\u00f9 sostenibile anche perch\u00e9 la realizzazione del progetto del nuovo centro \u00e8 stata prima rallentata dalla fase acuta della pandemia e poi bloccata dall\u2019aumento dei prezzi che ha reso insufficienti i fondi disponibili.<\/p>\n\n\n\n<p>Nel successivo dibattito hanno preso la parola i consiglieri regionali Desir\u00e8 Manca del M5S (il cui gruppo aveva chiesto l\u2019audizione), Giorgio Oppi di Udc-Cambiamo, Gianfranco Ganau e Rossella Pinna del Pd, Daniele Cocco di Leu, Michele Cossa dei Riformatori, Francesco Agus dei Progressisti e Pierluigi Saiu della Lega.<\/p>\n\n\n\n<p>Al termine la commissione ha approvato all\u2019unanimit\u00e0 una risoluzione con la quale si impegna il presidente della Regione ad attivare le procedure necessarie a sbloccare la graduatoria (pubblicata il 6 dicembre scorso) collegata al concorso per l\u2019assunzione di 179 infermieri nel servizio sanitario regionale. Com<\/p>\n","protected":false},"excerpt":{"rendered":"<p>Cagliari, 22 febbraio 2022 \u2013 La commissione Sanit\u00e0, presieduta da Antonio Mario Mundula (Fdi) ha ascoltato i responsabili dell\u2019Aou di Sassari sulle problematiche dell\u2019azienda (uno&#8230;<\/p>\n","protected":false},"author":2,"featured_media":192512,"comment_status":"closed","ping_status":"open","sticky":false,"template":"","format":"standard","meta":[],"categories":[49,52],"tags":[],"_links":{"self":[{"href":"https:\/\/www.cronacaonline.it\/index.php\/wp-json\/wp\/v2\/posts\/217999"}],"collection":[{"href":"https:\/\/www.cronacaonline.it\/index.php\/wp-json\/wp\/v2\/posts"}],"about":[{"href":"https:\/\/www.cronacaonline.it\/index.php\/wp-json\/wp\/v2\/types\/post"}],"author":[{"embeddable":true,"href":"https:\/\/www.cronacaonline.it\/index.php\/wp-json\/wp\/v2\/users\/2"}],"replies":[{"embeddable":true,"href":"https:\/\/www.cronacaonline.it\/index.php\/wp-json\/wp\/v2\/comments?post=217999"}],"version-history":[{"count":1,"href":"https:\/\/www.cronacaonline.it\/index.php\/wp-json\/wp\/v2\/posts\/217999\/revisions"}],"predecessor-version":[{"id":218000,"href":"https:\/\/www.cronacaonline.it\/index.php\/wp-json\/wp\/v2\/posts\/217999\/revisions\/218000"}],"wp:featuredmedia":[{"embeddable":true,"href":"https:\/\/www.cronacaonline.it\/index.php\/wp-json\/wp\/v2\/media\/192512"}],"wp:attachment":[{"href":"https:\/\/www.cronacaonline.it\/index.php\/wp-json\/wp\/v2\/media?parent=217999"}],"wp:term":[{"taxonomy":"category","embeddable":true,"href":"https:\/\/www.cronacaonline.it\/index.php\/wp-json\/wp\/v2\/categories?post=217999"},{"taxonomy":"post_tag","embeddable":true,"href":"https:\/\/www.cronacaonline.it\/index.php\/wp-json\/wp\/v2\/tags?post=217999"}],"curies":[{"name":"wp","href":"https:\/\/api.w.org\/{rel}","templated":true}]}}