{"id":217994,"date":"2022-02-22T19:02:09","date_gmt":"2022-02-22T18:02:09","guid":{"rendered":"https:\/\/www.cronacaonline.it\/?p=217994"},"modified":"2022-02-22T19:02:11","modified_gmt":"2022-02-22T18:02:11","slug":"consiglio-sardegna-termovalorizzatore-di-tossilo-e-crisi-del-comparto-le-latte-vaccino-audizioni-in-commissione-agricoltura","status":"publish","type":"post","link":"https:\/\/www.cronacaonline.it\/index.php\/2022\/02\/22\/consiglio-sardegna-termovalorizzatore-di-tossilo-e-crisi-del-comparto-le-latte-vaccino-audizioni-in-commissione-agricoltura\/","title":{"rendered":"Consiglio Sardegna &#8211; Termovalorizzatore di Tossilo e crisi del comparto le latte vaccino: audizioni in Commissione Agricoltura."},"content":{"rendered":"\n<p>Cagliari, 22 Feb 2022\u00a0\u2013 La crisi del comparto vaccino e la situazione del termovalorizzatore di Tossilo sono stati al centro della seduta odierna della Commissione \u201cAttivit\u00e0 Produttive\u201d del Consiglio regionale.<\/p>\n\n\n\n<p>Crisi comparto vaccino&nbsp;- Il parlamentino guidato da Piero Maieli (Psd\u2019Az) ha esaminato con attenzione la situazione della cooperativa 3A di Arborea e di tutta la filiera del latte vaccino della piana oristanese attraversata da una crisi senza precedenti. \u00abL\u2019aumento delle materie prime (mangimi e sementi)&nbsp;e dei costi dell\u2019energia sta mettendo in ginocchio molte aziende \u2013 ha spiegato il presidente della 3A di Arborea Remigio Sequi -&nbsp;&nbsp;nel 2021, su 190 allevamenti consorziati, 22 hanno dovuto chiudere.&nbsp;&nbsp;I produttori di latte vaccino non riescono pi\u00f9 a coprire i costi di produzione\u00bb. Sequi ha quindi avanzato una richiesta alla Regione: \u00abServe un ristoro immediato per gli allevatori \u2013 ha detto il presidente della 3A - un contributo da 10 milioni di euro per compensare la mancata remunerazione del latte. Se poi si vuole tenere in piedi il sistema Arborea, occorrerebbe pensare a interventi strutturali per abbattere i costi dell\u2019energia diventati ormai insostenibili. In questo caso servirebbero altri 12 milioni di euro per la costruzione di impianti destinati alla produzione di energie rinnovabili\u00bb. Stessa richiesta da parte dei rappresentanti della cooperativa dei produttori Walter Mureddu e dal dirigente locale di Coldiretti Giancarlo Capraro: \u00abNon avremmo mai pensato di dover chiedere un sostegno alla Regione \u2013 ha detto Capraro \u2013 ma la situazione \u00e8 davvero grave. Arborea \u00e8 sempre stata considerato un\u2019isola felice, adesso per\u00f2 gli allevatori sono in grandissima difficolt\u00e0\u00bb. Crisi dovuta alla mancata remunerazione del prezzo del latte oggi pagato a circa 38 centesimi al litro: \u00abNe mancano 8 \u2013 ha detto il direttore di Coldiretti Luca Saba \u2013 lo certifica l\u2019ultimo rapporto Ismea secondo cui la produzione di un litro di latte ha raggiunto i 46 centesimi a litro. Senza contare il gap infrastrutturale delle aziende sarde rispetto a quelle della penisola\u00bb. Secondo il direttore regionale di Copagri Pietro Tandeddu un canale di finanziamento potrebbe essere ricercato nelle pieghe dei provvedimenti statali. Tra questi il recente decreto per l\u2019abbattimento dei costi dell\u2019energia e il recupero dei fondi promessi dal Governo per la compensazione del calo del prezzo del latte: \u00abMa si potrebbe pensare anche ad altre soluzioni \u2013 ha aggiunto Tandeddu \u2013 per esempio l\u2019abbattimento dell\u2019Irap per le aziende zootecniche o l\u2019apertura di un tavolo con la grande distribuzione per strappare un prezzo migliore del latte vaccino\u00bb. Secondo il presidente di Confagricoltura Paolo Mele occorre agire in fretta: \u00abSenza un aiuto pubblico tra due o tre mesi le aziende chiuderanno&nbsp;- ha detto Mele \u2013 non si pu\u00f2 pi\u00f9 aspettare\u00bb. La commissione all\u2019unanimit\u00e0 ha condiviso le preoccupazioni del mondo produttivo e ragionato su una soluzione possibile. Diverse le proposte in campo, la pi\u00f9 percorribile sembra essere quella di uno stanziamento ad hoc per il comparto. Se fatto entro il 30 giugno \u2013 hanno fatto notare diversi consiglieri \u2013 potrebbe rientrare tra i provvedimenti urgenti per arginare gli effetti negativi della pandemia. In questo caso non si correrebbe di incorrere in una procedura di infrazione per la violazione delle norme europee sulla concorrenza. L\u2019altra strada \u00e8 quella del contributo de minimis ma, in questo caso, i tempi di erogazione si allungherebbero. \u00abNelle prossime ore verificheremo se sar\u00e0 possibile trovare le risorse gi\u00e0 in questa manovra finanziaria o se invece dovremo aspettare il prossimo provvedimento \u201comnibus\u201d \u2013 ha detto il presidente della Commissione Piero Maieli. Il problema, comunque, deve essere affrontato e risolto. La Sardegna non pu\u00f2 permettersi di mandare in crisi un comparto trainante come il sistema Arborea\u00bb. Disponibilit\u00e0 a trovare una soluzione \u00e8 arrivata anche dall\u2019assessore Gabriella Murgia: \u00abIl presidente Solinas ci sta lavorando \u2013 ha detto l\u2019esponente della Giunta \u2013 bisogna per\u00f2 capire dove andare a prendere le risorse\u00bb.&nbsp;<\/p>\n\n\n\n<p>Tossilo&nbsp;- Sulla situazione del Consorzio Industriale di Tossilo, la Commissione ha sentito il commissario liquidatore Marco Naseddu: \u00abLa procedura di liquidazione del Consorzio Zir sta per arrivare a conclusione \u2013 ha detto Naseddu \u2013 siamo pronti a trasferire le nuove competenze alla nuova societ\u00e0 che sar\u00e0 costituita dai comuni di Macomer e Borore. C\u2019\u00e8 per\u00f2 un ostacolo che impedisce di chiuderla: i debiti della Tossilo Spa, societ\u00e0 partecipata per il 91% dal nostro Consorzio che ammontano a 4,8 milioni di euro. Noi non abbiamo le risorse per coprirli\u00bb. Situazione debitoria confermata dal presidente di Tossilo Spa Antonio Delitala: \u00abIl termovalorizzatore di Tossilo sta per essere ultimato. E\u2019 un punto fondamentale per la gestione dei rifiuti in Sardegna. Produrr\u00e0 inoltre 7 Mgw di energia elettrica in grado di soddisfare il fabbisogno di 10mila famiglie. La Regione potrebbe coprire il debito che Tossilo restituir\u00e0 spalmandolo nel bilancio dei prossimi anni. Occorre trovare una soluzione, in ballo c\u2019\u00e8 anche il futuro di 30 lavoratori\u00bb. E proprio il prestito ponte \u00e8 una delle soluzioni prospettate nel corso della mattinata. L\u2019assessore all\u2019industria Anita Pili ha chiarito che occorre individuare uno specifico capitolo di bilancio: \u00abAttualmente non ci sono risorse \u2013 ha spiegato \u2013 serve una norma specifica. La Regione \u00e8 interessata a trovare una soluzione per consentire al termovalorizzatore finanziato con 50 milioni di euro di entrare finalmente in funzione\u00bb. Giudizio condiviso dall\u2019assessore all\u2019Ambiente Gianni Lampis: \u00abTossilo ha un\u2019importanza strategica per la gestione dei rifiuti del Nord Sardegna \u2013 ha detto \u2013 senza questo impianto il sistema di smaltimento entra in crisi. Lo abbiamo sperimentato la scorsa estate a Olbia. La Regione ha fatto un grande investimento per il termovalorizzatore. L\u2019entrata in funzione \u00e8 prevista nel prossimo mese di aprile\u00bb. Una soluzione per i lavoratori \u00e8 stata invece assicurata dall\u2019assessore al Lavoro Alessandra Zedda: \u00abPossiamo ricorrere alla stessa procedura utilizzata con i lavoratori del Tecnocasic \u2013 ha detto Zedda \u2013 i dipendenti di Tossilo, in attesa di chiudere la partita, andrebbero temporaneamente a lavorare per gli enti locali per poi fare ritorno alla loro azienda\u00bb.<\/p>\n\n\n\n<p>Nel pomeriggio la Commissione ha infine sentito il sindaco di Illorai e gli amministratori comunali di Arbus.<\/p>\n\n\n\n<p>Il primo ha illustrato alla Commissione il progetto \u201cMontes\u201d con il quale il Comune del Goceano chiede alla Regione la cessione di alcuni immobili presenti nel proprio territorio nelle aree attualmente in mano ad Agris. Sul patrimonio boschivo, il Comune chiede invece che la gestione passi in capo a Forestas con l\u2019assunzione di nuova forza lavoro.<\/p>\n\n\n\n<p>Il vicesindaco di Arbus Paolo Salis ha invece illustrato la situazione venutasi a creare nel suo Comune dove Igea ha messo a bando i fondi rustici di sua propriet\u00e0. Dal bando sono rimaste escluse le famiglie che per oltre 50 anni, in quei terreni, hanno svolto attivit\u00e0 agropastorali. Il vicesindaco, a nome di tutta l\u2019amministrazione, ha espresso forti perplessit\u00e0 sulla procedura adottata chiedendo alla Commissione un approfondimento della questione di concerto con la Giunta regionale.<\/p>\n\n\n\n<p>Su entrambe le richieste la Commissione ha deciso di avviare un approfondimento gi\u00e0 dai prossimi giorni. Com<\/p>\n","protected":false},"excerpt":{"rendered":"<p>Cagliari, 22 Feb 2022\u00a0\u2013 La crisi del comparto vaccino e la situazione del termovalorizzatore di Tossilo sono stati al centro della seduta odierna della Commissione&#8230;<\/p>\n","protected":false},"author":2,"featured_media":192510,"comment_status":"closed","ping_status":"open","sticky":false,"template":"","format":"standard","meta":[],"categories":[49,52],"tags":[],"_links":{"self":[{"href":"https:\/\/www.cronacaonline.it\/index.php\/wp-json\/wp\/v2\/posts\/217994"}],"collection":[{"href":"https:\/\/www.cronacaonline.it\/index.php\/wp-json\/wp\/v2\/posts"}],"about":[{"href":"https:\/\/www.cronacaonline.it\/index.php\/wp-json\/wp\/v2\/types\/post"}],"author":[{"embeddable":true,"href":"https:\/\/www.cronacaonline.it\/index.php\/wp-json\/wp\/v2\/users\/2"}],"replies":[{"embeddable":true,"href":"https:\/\/www.cronacaonline.it\/index.php\/wp-json\/wp\/v2\/comments?post=217994"}],"version-history":[{"count":1,"href":"https:\/\/www.cronacaonline.it\/index.php\/wp-json\/wp\/v2\/posts\/217994\/revisions"}],"predecessor-version":[{"id":217995,"href":"https:\/\/www.cronacaonline.it\/index.php\/wp-json\/wp\/v2\/posts\/217994\/revisions\/217995"}],"wp:featuredmedia":[{"embeddable":true,"href":"https:\/\/www.cronacaonline.it\/index.php\/wp-json\/wp\/v2\/media\/192510"}],"wp:attachment":[{"href":"https:\/\/www.cronacaonline.it\/index.php\/wp-json\/wp\/v2\/media?parent=217994"}],"wp:term":[{"taxonomy":"category","embeddable":true,"href":"https:\/\/www.cronacaonline.it\/index.php\/wp-json\/wp\/v2\/categories?post=217994"},{"taxonomy":"post_tag","embeddable":true,"href":"https:\/\/www.cronacaonline.it\/index.php\/wp-json\/wp\/v2\/tags?post=217994"}],"curies":[{"name":"wp","href":"https:\/\/api.w.org\/{rel}","templated":true}]}}