{"id":217961,"date":"2022-02-22T12:52:23","date_gmt":"2022-02-22T11:52:23","guid":{"rendered":"https:\/\/www.cronacaonline.it\/?p=217961"},"modified":"2022-02-22T12:52:24","modified_gmt":"2022-02-22T11:52:24","slug":"salone-dello-studente-digitale-lassessore-zedda-regione-impegnata-nel-mettere-la-persona-al-centro-di-ogni-attivita-formativa","status":"publish","type":"post","link":"https:\/\/www.cronacaonline.it\/index.php\/2022\/02\/22\/salone-dello-studente-digitale-lassessore-zedda-regione-impegnata-nel-mettere-la-persona-al-centro-di-ogni-attivita-formativa\/","title":{"rendered":"Salone dello studente digitale, l\u2019assessore Zedda: \u201cregione impegnata nel mettere la persona al centro di ogni attivit\u00e0 formativa\u201d."},"content":{"rendered":"\n<p>Cagliari, 22 febbraio 2022 -\u00a0\u201cLa dimensione educativa coinvolge non solo tutte le fasi di vita di una persona, ma al tempo stesso tutte le espressioni familiari e comunitarie della societ\u00e0. Per questo \u00e8 pi\u00f9 che mai urgente offrire spazi di protagonismo ai giovani, chiamati ad assumere scelte responsabili riguardanti il proprio futuro e quello del Paese\u201d. Lo ha detto l\u2019Assessore del Lavoro, Alessandra Zedda, in apertura del Salone dello Studente digitale delle Isole, principale manifestazione in Italia nel settore Education. Dedicato all\u2019orientamento post diploma, l\u2019evento mette in contatto il mondo dell\u2019universit\u00e0 e della ricerca, il mondo del lavoro e della scuola, fornendo alle ragazze e ai ragazzi un panorama completo delle possibilit\u00e0 di studio e formazione post-diploma.<\/p>\n\n\n\n<p>\u201cIniziative come il Salone dello Studente rappresentano una buona prassi ed uno stimolo importante per riprendere ad incontrarsi, confrontarsi e saper scegliere. Per questo la Regione Sardegna \u00e8 pronta a fare la sua parte\u201d, ha spiegato l\u2019esponente della Giunta della Regione Sardegna secondo cui \u201cla ripresa impone la consapevolezza che, tra le tante emergenze di questo tempo (sanitaria, economica, sociale) la vera sfida continua ad essere l\u2019emergenza educativa, da attuarsi con un\u2019offerta formativa e professionale innovativa, al passo coi tempi e rispondente alle sfide e urgenze che la fase di ripresa richiede\u201d. L\u2019Assessore Zedda ha evidenziato il fenomeno sempre pi\u00f9 preoccupante del&nbsp;mismatch, la frattura tra domanda e offerta, il profondo gap tra competenze non adeguate alle sfide e alle richieste del mercato del lavoro.&nbsp;<\/p>\n\n\n\n<p>\u201cL\u2019orientamento \u00e8 un processo continuo che ha origine fin dalla scuola dell\u2019infanzia e deve saper intercettare i sogni e i \u201cdesiderata\u201d dei nostri giovani. Per questo mi piace dire che prima della transizione ecologica o di quella energetica c\u2019\u00e8 la transizione della persona, sempre pi\u00f9 da porre al centro di ogni azione politica e formativa\u201d, ha spiegato. L\u2019Assessore ha messo in luce anche i limiti e le criticit\u00e0 di un sistema burocratico legato alle procedure di accreditamento e di aggiornamento del catalogo delle professioni ancora troppo complesso e farraginoso: \u201cIl sistema deve necessariamente adeguarsi ai tempi con cui corre il lavoro, la scuola, l\u2019economia. Investire sulla formazione \u00e8 la strada da percorrere se vogliamo trovarci pronti a realizzare una autentica ripresa, permettendo ai giovani di acquisire conoscenze e abilit\u00e0 tali da affrontare con fiducia, coraggio e creativit\u00e0 le scelte che segneranno il futuro della nostra Isola e del nostro Paese\u201d, ha evidenziato l\u2019Assessore Zedda nel corso del suo intervento.<\/p>\n\n\n\n<p>\u201cCon la proposta del Fondo Lavoro in Sardegna e in particolare con il Programma Garanzia Occupabilit\u00e0 dei Lavoratori (GOL) \u2013 ha concluso l\u2019esponente della Giunta Sarda \u2013 sfruttando l\u2019opportunit\u00e0 di risorse quasi raddoppiate del FSE in ragione del deficit di ritrovarci nell\u2019Obiettivo 1 dell\u2019Unione Europea, intendiamo combinare le politiche del lavoro con le politiche dell\u2019istruzione, della formazione e dell\u2019inclusione sociale\u201d. Com<\/p>\n","protected":false},"excerpt":{"rendered":"<p>Cagliari, 22 febbraio 2022 &#8211;\u00a0\u201cLa dimensione educativa coinvolge non solo tutte le fasi di vita di una persona, ma al tempo stesso tutte le espressioni&#8230;<\/p>\n","protected":false},"author":2,"featured_media":216421,"comment_status":"closed","ping_status":"open","sticky":false,"template":"","format":"standard","meta":[],"categories":[49,52],"tags":[],"_links":{"self":[{"href":"https:\/\/www.cronacaonline.it\/index.php\/wp-json\/wp\/v2\/posts\/217961"}],"collection":[{"href":"https:\/\/www.cronacaonline.it\/index.php\/wp-json\/wp\/v2\/posts"}],"about":[{"href":"https:\/\/www.cronacaonline.it\/index.php\/wp-json\/wp\/v2\/types\/post"}],"author":[{"embeddable":true,"href":"https:\/\/www.cronacaonline.it\/index.php\/wp-json\/wp\/v2\/users\/2"}],"replies":[{"embeddable":true,"href":"https:\/\/www.cronacaonline.it\/index.php\/wp-json\/wp\/v2\/comments?post=217961"}],"version-history":[{"count":1,"href":"https:\/\/www.cronacaonline.it\/index.php\/wp-json\/wp\/v2\/posts\/217961\/revisions"}],"predecessor-version":[{"id":217962,"href":"https:\/\/www.cronacaonline.it\/index.php\/wp-json\/wp\/v2\/posts\/217961\/revisions\/217962"}],"wp:featuredmedia":[{"embeddable":true,"href":"https:\/\/www.cronacaonline.it\/index.php\/wp-json\/wp\/v2\/media\/216421"}],"wp:attachment":[{"href":"https:\/\/www.cronacaonline.it\/index.php\/wp-json\/wp\/v2\/media?parent=217961"}],"wp:term":[{"taxonomy":"category","embeddable":true,"href":"https:\/\/www.cronacaonline.it\/index.php\/wp-json\/wp\/v2\/categories?post=217961"},{"taxonomy":"post_tag","embeddable":true,"href":"https:\/\/www.cronacaonline.it\/index.php\/wp-json\/wp\/v2\/tags?post=217961"}],"curies":[{"name":"wp","href":"https:\/\/api.w.org\/{rel}","templated":true}]}}