{"id":217876,"date":"2022-02-19T15:04:19","date_gmt":"2022-02-19T14:04:19","guid":{"rendered":"https:\/\/www.cronacaonline.it\/?p=217876"},"modified":"2022-02-19T15:04:20","modified_gmt":"2022-02-19T14:04:20","slug":"servizi-socio-educativi-per-la-prima-infanzia-sostegno-alle-famiglie-il-presidente-solinas-potenziate-le-misure-a-favore-dei-genitori","status":"publish","type":"post","link":"https:\/\/www.cronacaonline.it\/index.php\/2022\/02\/19\/servizi-socio-educativi-per-la-prima-infanzia-sostegno-alle-famiglie-il-presidente-solinas-potenziate-le-misure-a-favore-dei-genitori\/","title":{"rendered":"Servizi socio-educativi per la prima infanzia, sostegno alle famiglie. Il presidente solinas: \u201cpotenziate le misure a favore dei genitori\u201d."},"content":{"rendered":"\n<p>Cagliari, 19 Feb 2022\u00a0- Un sostegno alle famiglie per l\u2019acquisto di servizi di supporto e accompagnamento ai neo-genitori e per i servizi socio-educativi della prima infanzia, rivolti ai bambini nella fascia dai zero ai tre anni.<\/p>\n\n\n\n<p>Lo ha stabilito la Giunta della Regione Sardegna che, su proposta dell\u2019assessore regionale dell\u2019Igiene e Sanit\u00e0 e dell\u2019Assistenza sociale, Mario Nieddu, ha approvato le linee guida per l\u2019utilizzo, anche a titolo di rimborso spese, dei voucher che i Comuni, attraverso le risorse regionali, potranno erogare ai cittadini con figli a carico nella prima infanzia.<\/p>\n\n\n\n<p>\u201cAbbiamo dato ascolto alle richieste del territorio \u2013 dichiara in una nota l\u2019assessore regionale della Sanit\u00e0, Mario Nieddu \u2013 dando la possibilit\u00e0 ai Comuni, a cui \u00e8 affidata la gestione delle risorse, di utilizzare eventuali economie derivate dalla misura dei Nidi gratis per l\u2019erogazione di voucher alle famiglie per l\u2019acquisto di ulteriori servizi complementari, sia direttamente rivolti ai bambini nei primi anni di vita,, sia al supporto dei genitori e delle famiglie che hanno appena iniziato questo meraviglioso quanto impegnativo percorso\u201d.<\/p>\n\n\n\n<p>\u201cParliamo di una misura che amplia ulteriormente la portata degli interventi a favore delle famiglie\u201d aggiunge il Presidente della Regione, Christian Solinas. \u201cGli investimenti nei servizi educativi per la prima infanzia e a sostegno delle competenze dei neo-genitori costituiscono una base solida per uno sviluppo sociale futuro, con ricadute positive su diversi livelli. Partendo da questo presupposto la Regione ha messo in campo importanti finanziamenti per l\u2019abbattimento delle rette degli asili nido: 11 milioni di euro nel biennio 2020-2021, riconfermati fino al 2024\u201d.<\/p>\n\n\n\n<p>La misura \u00e8 parametrata su due differenti scaglioni di reddito. Il voucher potr\u00e0 essere utilizzato per il rimborso delle spese sostenute nel biennio 2021-2022, \u00e8 cumulabile con altre forme di incentivo o beneficio e pu\u00f2 essere richiesto per ciascuno dei figli nella fascia d\u2019et\u00e0 tra i zero e i tre anni. Il valore massimo per ciascun voucher \u00e8 di 2.200 euro per i nuclei familiari con un ISEE compreso tra i 0 e 30 mila euro e di 1.800 euro per i nuclei con ISEE tra i 30.001 e i 40.000 euro. A esclusione della retta dei nidi, micro nidi e sezioni primavera per cui \u00e8 dedicata una misura di sostegno specifica, fra i servizi ammessi al rimborso tramite voucher sono indicati i baby parking, i centri ludici, i nidi estivi, gli spazio bambini e i servii educativi in contesto domiciliare (come \u2018genitore accogliente\u2019 o l\u2019educatore domiciliare), ma anche servi d\u2019accompagnamento alla genitorialit\u00e0 come il \u2018Sostegno genitoriale\u2019 o l\u2019ausilio di figure professionali dedicate. Com<\/p>\n","protected":false},"excerpt":{"rendered":"<p>Cagliari, 19 Feb 2022\u00a0&#8211; Un sostegno alle famiglie per l\u2019acquisto di servizi di supporto e accompagnamento ai neo-genitori e per i servizi socio-educativi della prima&#8230;<\/p>\n","protected":false},"author":2,"featured_media":209129,"comment_status":"closed","ping_status":"open","sticky":false,"template":"","format":"standard","meta":[],"categories":[49,52],"tags":[],"_links":{"self":[{"href":"https:\/\/www.cronacaonline.it\/index.php\/wp-json\/wp\/v2\/posts\/217876"}],"collection":[{"href":"https:\/\/www.cronacaonline.it\/index.php\/wp-json\/wp\/v2\/posts"}],"about":[{"href":"https:\/\/www.cronacaonline.it\/index.php\/wp-json\/wp\/v2\/types\/post"}],"author":[{"embeddable":true,"href":"https:\/\/www.cronacaonline.it\/index.php\/wp-json\/wp\/v2\/users\/2"}],"replies":[{"embeddable":true,"href":"https:\/\/www.cronacaonline.it\/index.php\/wp-json\/wp\/v2\/comments?post=217876"}],"version-history":[{"count":1,"href":"https:\/\/www.cronacaonline.it\/index.php\/wp-json\/wp\/v2\/posts\/217876\/revisions"}],"predecessor-version":[{"id":217877,"href":"https:\/\/www.cronacaonline.it\/index.php\/wp-json\/wp\/v2\/posts\/217876\/revisions\/217877"}],"wp:featuredmedia":[{"embeddable":true,"href":"https:\/\/www.cronacaonline.it\/index.php\/wp-json\/wp\/v2\/media\/209129"}],"wp:attachment":[{"href":"https:\/\/www.cronacaonline.it\/index.php\/wp-json\/wp\/v2\/media?parent=217876"}],"wp:term":[{"taxonomy":"category","embeddable":true,"href":"https:\/\/www.cronacaonline.it\/index.php\/wp-json\/wp\/v2\/categories?post=217876"},{"taxonomy":"post_tag","embeddable":true,"href":"https:\/\/www.cronacaonline.it\/index.php\/wp-json\/wp\/v2\/tags?post=217876"}],"curies":[{"name":"wp","href":"https:\/\/api.w.org\/{rel}","templated":true}]}}