{"id":217854,"date":"2022-02-19T09:52:44","date_gmt":"2022-02-19T08:52:44","guid":{"rendered":"https:\/\/www.cronacaonline.it\/?p=217854"},"modified":"2022-02-19T09:52:45","modified_gmt":"2022-02-19T08:52:45","slug":"poverta-nasce-losservatorio-regionale-il-presidente-della-regione-sardegna-ascoltare-la-voce-delle-famiglie-in-difficolta-impegno-a-tutto-campo-per-contrastare-il-disagio-reso-pi","status":"publish","type":"post","link":"https:\/\/www.cronacaonline.it\/index.php\/2022\/02\/19\/poverta-nasce-losservatorio-regionale-il-presidente-della-regione-sardegna-ascoltare-la-voce-delle-famiglie-in-difficolta-impegno-a-tutto-campo-per-contrastare-il-disagio-reso-pi\/","title":{"rendered":"Povert\u00e0, nasce l\u2019osservatorio regionale. Il presidente della Regione Sardegna: \u201cascoltare la voce delle famiglie in difficolt\u00e0, impegno a tutto campo per contrastare il disagio reso pi\u00f9 profondo dalla pandemia\u201d."},"content":{"rendered":"\n<p>Cagliari, 19 Feb 2022\u00a0- La Giunta regionale della Sardegna ha approvato la designazione dei componenti dell\u2019Osservatorio regionale delle povert\u00e0, costituito cos\u00ec per la prima volta dalla sua istituzione con la legge regionale numero 23 del 2005.<\/p>\n\n\n\n<p>\u201cNon possiamo restare insensibili difronte alle richieste d\u2019aiuto che arrivano dal nostro territorio e che sono espressione di un disagio sociale che va combattuto con ogni mezzo\u201d, lo dichiara in una nota il Presidente Solinas. \u201cQuello del contrasto alla povert\u00e0 \u2013 prosegue il Presidente \u2013 \u00e8 un tema che ci vede impegnati a tutto campo nell\u2019ambito delle politiche sociali e del lavoro attraverso l\u2019impiego di risorse e misure che vanno dal sostegno economico alle famiglie, alle politiche attive per l\u2019occupazione. Con la costituzione dell\u2019Osservatorio abbiamo dato gambe a uno strumento rimasto inattuato per ben diciassette anni, ma di grande importanza strategica per la programmazione e il raccordo fra le Istituzioni, i tecnici e il mondo del volontariato in prima linea sul fronte delle povert\u00e0\u201d.<\/p>\n\n\n\n<p>L\u2019Osservatorio ha il compito di rilevare il fabbisogno del territorio attraverso la raccolta dei dati relativi alle persone in situazioni di difficolt\u00e0, di mappare i servizi pubblici e privati presenti nell\u2019Isola e di fornire supporto informativo e linee di orientamento per la Regione e per gli enti locali nella predisposizione di specifiche leggi e piani in un'ottica di programmazione partecipata.<\/p>\n\n\n\n<p>Fanno parte dell\u2019Osservatorio, presieduto dal Presidente Giunta regionale, gli assessori dell\u2019Igiene e Sanit\u00e0 e dell\u2019Assistenza Sociale e del Lavoro, i rappresentanti della Caritas, dell\u2019Anci, delle associazioni di volontariato e di quelle di promozione sociale, nonch\u00e9 i rappresentanti delle due Universit\u00e0 di Cagliari e Sassari e delle organizzazioni sindacali.<\/p>\n\n\n\n<p>\u201cL\u2019Osservatorio \u00e8 uno strumento necessario \u2013 dichiara l\u2019assessore regionale della Sanit\u00e0, Mario Nieddu \u2013 oggi pi\u00f9 che mai, in considerazione del fatto che il problema del disagio sociale e della povert\u00e0 sta assumendo dimensioni sempre pi\u00f9 importanti aggravate dall'emergenza Covid-19 e dalla conseguente crisi economica. Diventa pertanto fondamentale razionalizzare gli interventi e un miglior raccordo sia tra le associazioni che operano nel settore, sia tra gli enti istituzionali, nell'ottica di un'azione di sistema condivisa e partecipata\u201d. Com<\/p>\n","protected":false},"excerpt":{"rendered":"<p>Cagliari, 19 Feb 2022\u00a0&#8211; La Giunta regionale della Sardegna ha approvato la designazione dei componenti dell\u2019Osservatorio regionale delle povert\u00e0, costituito cos\u00ec per la prima volta&#8230;<\/p>\n","protected":false},"author":2,"featured_media":209098,"comment_status":"closed","ping_status":"open","sticky":false,"template":"","format":"standard","meta":[],"categories":[49,52],"tags":[],"_links":{"self":[{"href":"https:\/\/www.cronacaonline.it\/index.php\/wp-json\/wp\/v2\/posts\/217854"}],"collection":[{"href":"https:\/\/www.cronacaonline.it\/index.php\/wp-json\/wp\/v2\/posts"}],"about":[{"href":"https:\/\/www.cronacaonline.it\/index.php\/wp-json\/wp\/v2\/types\/post"}],"author":[{"embeddable":true,"href":"https:\/\/www.cronacaonline.it\/index.php\/wp-json\/wp\/v2\/users\/2"}],"replies":[{"embeddable":true,"href":"https:\/\/www.cronacaonline.it\/index.php\/wp-json\/wp\/v2\/comments?post=217854"}],"version-history":[{"count":1,"href":"https:\/\/www.cronacaonline.it\/index.php\/wp-json\/wp\/v2\/posts\/217854\/revisions"}],"predecessor-version":[{"id":217855,"href":"https:\/\/www.cronacaonline.it\/index.php\/wp-json\/wp\/v2\/posts\/217854\/revisions\/217855"}],"wp:featuredmedia":[{"embeddable":true,"href":"https:\/\/www.cronacaonline.it\/index.php\/wp-json\/wp\/v2\/media\/209098"}],"wp:attachment":[{"href":"https:\/\/www.cronacaonline.it\/index.php\/wp-json\/wp\/v2\/media?parent=217854"}],"wp:term":[{"taxonomy":"category","embeddable":true,"href":"https:\/\/www.cronacaonline.it\/index.php\/wp-json\/wp\/v2\/categories?post=217854"},{"taxonomy":"post_tag","embeddable":true,"href":"https:\/\/www.cronacaonline.it\/index.php\/wp-json\/wp\/v2\/tags?post=217854"}],"curies":[{"name":"wp","href":"https:\/\/api.w.org\/{rel}","templated":true}]}}