{"id":217813,"date":"2022-02-18T10:29:00","date_gmt":"2022-02-18T09:29:00","guid":{"rendered":"https:\/\/www.cronacaonline.it\/?p=217813"},"modified":"2022-02-18T10:29:23","modified_gmt":"2022-02-18T09:29:23","slug":"metropolitana-di-cagliari-assessore-trasporti-todde-oltre-24-milioni-di-euro-per-la-nuova-tratta-marina-piccola-ospedale-marino-si-allunga-il-percorso-del-poetto","status":"publish","type":"post","link":"https:\/\/www.cronacaonline.it\/index.php\/2022\/02\/18\/metropolitana-di-cagliari-assessore-trasporti-todde-oltre-24-milioni-di-euro-per-la-nuova-tratta-marina-piccola-ospedale-marino-si-allunga-il-percorso-del-poetto\/","title":{"rendered":"Metropolitana di Cagliari &#8211; Assessore Trasporti Todde: oltre 24 milioni di euro per la nuova tratta marina piccola-ospedale marino, si allunga il percorso del Poetto."},"content":{"rendered":"\n<p>Cagliari, 18 Feb 2022 \u2013\u00a0Continua a crescere la rete della metropolitana leggera di Cagliari. Con due delibere approvate nel corso dell\u2019ultima seduta, la Giunta regionale, su proposta dell\u2019assessore dei Trasporti Giorgio Todde, ha aggiunto una nuova tratta, da Marina Piccola all\u2019ospedale Marino, alla \u2018direttrice Poetto\u2019 e ha dato il via ai lavori di progettazione del tracciato che collegher\u00e0 gli ospedali del capoluogo.<\/p>\n\n\n\n<p>\u201cDalle interlocuzioni con il Comune di Cagliari \u2013 spiega nella nota l\u2019assessore Todde \u2013 \u00e8 emersa la necessit\u00e0 di collegare con la rete metrotranviaria gli ospedali di Cagliari (Oncologico, Microcitemico e Brotzu) per consentire un miglior accesso ai servizi sanitari da parte dei cittadini dell\u2019area metropolitana e contemporaneamente contribuire a decongestionare la viabilit\u00e0 dal traffico veicolare privato\u201d.<\/p>\n\n\n\n<p>\u201c\u00c8 stata condivisa una prima ipotesi di tracciato \u2013 aggiunge l\u2019esponente della Giunta Sarda \u2013 e si \u00e8 quindi in grado di arrivare alla cantierabilit\u00e0 dell\u2019opera, visto che il perfezionamento del progetto \u00e8 il necessario presupposto per trovare le risorse da destinare all\u2019intervento nelle procedure di finanziamento di opere pubbliche o cofinanziate con risorse statali e comunitarie. L\u2019Assessorato definir\u00e0 poi formalmente il tracciato con la Citt\u00e0 Metropolitana e il Comune di Cagliari\u201d.<\/p>\n\n\n\n<p>\u201c\u00c8 un nuovo importante tassello nella realizzazione di un\u2019opera fondamentale per Cagliari e per tutta l\u2019area vasta \u2013 aggiunge il presidente della Regione, Christian Solinas \u2013 parte di un progetto che stiamo portando avanti per creare un sistema integrato di trasporti pubblici sempre pi\u00f9 basato sulla mobilit\u00e0 leggera. Collegare tutti gli ospedali cagliaritani vuol dire offrire servizi moderni ed efficienti, rendendo pi\u00f9 accessibili le strutture sanitarie e favorendo nel contempo la diminuzione del traffico veicolare e un minore impatto ambientale\u201d.<\/p>\n\n\n\n<p>Con la prima delibera, nell\u2019ambito della rimodulazione dei finanziamenti assegnati alla \u2018direttrice Quartu\u2019, le risorse rimanenti (24 milioni e 500mila euro) sono state destinate, dopo un approfondimento con le Amministrazioni interessate, alla realizzazione della tratta che va da Marina Piccola al nuovo ospedale Marino. \u00c8 stato quindi dato mandato all\u2019Arst di avviare la progettazione del nuovo tratto individuandone l\u2019estensione, in funzione delle risorse disponibili.<\/p>\n\n\n\n<p>Con la seconda delibera la Giunta ha dato mandato all\u2019Arst di completare la progettazione della \u2018direttrice Ospedali\u2019 definendo la lunghezza della tratta e la stima attendibile del finanziamento necessario per la realizzazione dell\u2019opera. Com<\/p>\n","protected":false},"excerpt":{"rendered":"<p>Cagliari, 18 Feb 2022 \u2013\u00a0Continua a crescere la rete della metropolitana leggera di Cagliari. Con due delibere approvate nel corso dell\u2019ultima seduta, la Giunta regionale,&#8230;<\/p>\n","protected":false},"author":2,"featured_media":192145,"comment_status":"closed","ping_status":"open","sticky":false,"template":"","format":"standard","meta":[],"categories":[49,52],"tags":[],"_links":{"self":[{"href":"https:\/\/www.cronacaonline.it\/index.php\/wp-json\/wp\/v2\/posts\/217813"}],"collection":[{"href":"https:\/\/www.cronacaonline.it\/index.php\/wp-json\/wp\/v2\/posts"}],"about":[{"href":"https:\/\/www.cronacaonline.it\/index.php\/wp-json\/wp\/v2\/types\/post"}],"author":[{"embeddable":true,"href":"https:\/\/www.cronacaonline.it\/index.php\/wp-json\/wp\/v2\/users\/2"}],"replies":[{"embeddable":true,"href":"https:\/\/www.cronacaonline.it\/index.php\/wp-json\/wp\/v2\/comments?post=217813"}],"version-history":[{"count":1,"href":"https:\/\/www.cronacaonline.it\/index.php\/wp-json\/wp\/v2\/posts\/217813\/revisions"}],"predecessor-version":[{"id":217814,"href":"https:\/\/www.cronacaonline.it\/index.php\/wp-json\/wp\/v2\/posts\/217813\/revisions\/217814"}],"wp:featuredmedia":[{"embeddable":true,"href":"https:\/\/www.cronacaonline.it\/index.php\/wp-json\/wp\/v2\/media\/192145"}],"wp:attachment":[{"href":"https:\/\/www.cronacaonline.it\/index.php\/wp-json\/wp\/v2\/media?parent=217813"}],"wp:term":[{"taxonomy":"category","embeddable":true,"href":"https:\/\/www.cronacaonline.it\/index.php\/wp-json\/wp\/v2\/categories?post=217813"},{"taxonomy":"post_tag","embeddable":true,"href":"https:\/\/www.cronacaonline.it\/index.php\/wp-json\/wp\/v2\/tags?post=217813"}],"curies":[{"name":"wp","href":"https:\/\/api.w.org\/{rel}","templated":true}]}}