{"id":217769,"date":"2022-02-17T17:02:50","date_gmt":"2022-02-17T16:02:50","guid":{"rendered":"https:\/\/www.cronacaonline.it\/?p=217769"},"modified":"2022-02-17T17:02:52","modified_gmt":"2022-02-17T16:02:52","slug":"milleproroghe-dichiarazione-della-deputata-romina-mura-pd-prospettive-occupazione-per-lavoratori-air-italy","status":"publish","type":"post","link":"https:\/\/www.cronacaonline.it\/index.php\/2022\/02\/17\/milleproroghe-dichiarazione-della-deputata-romina-mura-pd-prospettive-occupazione-per-lavoratori-air-italy\/","title":{"rendered":"Milleproroghe &#8211; dichiarazione della Deputata Romina Mura (Pd): prospettive occupazione per lavoratori Air Italy."},"content":{"rendered":"\n<p>Cagliari, 17 Feb 2022 - \"Per i prossimi tre anni i lavoratori licenziati da Air Italy entreranno in un apposito bacino creato al fine di sostenere la loro transizione occupazionale e le imprese del settore aereo stabilmente operanti sul territorio nazionale attingeranno prioritariamente il personale da assumere anche tra i lavoratori collocati in questo bacino. Compiamo un atto concreto che toglie dell'incertezza migliaia di lavoratori e d\u00e0 una prospettiva di occupazione\u201d.<\/p>\n\n\n\n<p>Lo afferma in una nota la presidente della commissione Lavoro della Camera Romina Mura (Pd), rendendo noto un emendamento al dl Milleproroghe a sua prima firma, come riformulato a seguito dell'interlocuzione della parlamentare con il ministro del lavoro Andrea Orlando.<\/p>\n\n\n\n<p>\"Assieme al lavoro parlamentare del gruppo Pd con Debora Serracchiani e al sostegno prezioso di Stefano Fassina va ringraziato il ministro Orlando che - aggiunge la parlamentare - coinvolgendo il Ministero dei trasporti e quello dello Sviluppo economico, ha colto la necessit\u00e0 di un intervento deciso in una situazione ormai insostenibile. In questo modo teniamo attaccata la spina e i lavoratori non finiscono nell\u2019oblio ma \u2013 puntualizza Mura - a maggior ragione prosegua la strada annunciata del tavolo interministeriale\u201d.<\/p>\n\n\n\n<p>\u201cIl personale potr\u00e0 accedere a misure di sostegno \u2013 spiega la deputata dem - e potr\u00e0 seguire attivit\u00e0 formative relative alle specifiche qualifiche professionali, per mantenere la validit\u00e0 delle licenze e delle certificazioni e per riqualificarsi in vista di ricollocazione\". Com<\/p>\n","protected":false},"excerpt":{"rendered":"<p>Cagliari, 17 Feb 2022 &#8211; &#8220;Per i prossimi tre anni i lavoratori licenziati da Air Italy entreranno in un apposito bacino creato al fine di&#8230;<\/p>\n","protected":false},"author":2,"featured_media":210300,"comment_status":"closed","ping_status":"open","sticky":false,"template":"","format":"standard","meta":[],"categories":[49,52],"tags":[],"_links":{"self":[{"href":"https:\/\/www.cronacaonline.it\/index.php\/wp-json\/wp\/v2\/posts\/217769"}],"collection":[{"href":"https:\/\/www.cronacaonline.it\/index.php\/wp-json\/wp\/v2\/posts"}],"about":[{"href":"https:\/\/www.cronacaonline.it\/index.php\/wp-json\/wp\/v2\/types\/post"}],"author":[{"embeddable":true,"href":"https:\/\/www.cronacaonline.it\/index.php\/wp-json\/wp\/v2\/users\/2"}],"replies":[{"embeddable":true,"href":"https:\/\/www.cronacaonline.it\/index.php\/wp-json\/wp\/v2\/comments?post=217769"}],"version-history":[{"count":1,"href":"https:\/\/www.cronacaonline.it\/index.php\/wp-json\/wp\/v2\/posts\/217769\/revisions"}],"predecessor-version":[{"id":217770,"href":"https:\/\/www.cronacaonline.it\/index.php\/wp-json\/wp\/v2\/posts\/217769\/revisions\/217770"}],"wp:featuredmedia":[{"embeddable":true,"href":"https:\/\/www.cronacaonline.it\/index.php\/wp-json\/wp\/v2\/media\/210300"}],"wp:attachment":[{"href":"https:\/\/www.cronacaonline.it\/index.php\/wp-json\/wp\/v2\/media?parent=217769"}],"wp:term":[{"taxonomy":"category","embeddable":true,"href":"https:\/\/www.cronacaonline.it\/index.php\/wp-json\/wp\/v2\/categories?post=217769"},{"taxonomy":"post_tag","embeddable":true,"href":"https:\/\/www.cronacaonline.it\/index.php\/wp-json\/wp\/v2\/tags?post=217769"}],"curies":[{"name":"wp","href":"https:\/\/api.w.org\/{rel}","templated":true}]}}