{"id":217750,"date":"2022-02-17T11:36:32","date_gmt":"2022-02-17T10:36:32","guid":{"rendered":"https:\/\/www.cronacaonline.it\/?p=217750"},"modified":"2022-02-17T11:36:34","modified_gmt":"2022-02-17T10:36:34","slug":"continuita-territoriale-aerea-lassessore-todde-basta-falsi-allarmismi-a-breve-il-bando-per-i-prossimi-due-anni","status":"publish","type":"post","link":"https:\/\/www.cronacaonline.it\/index.php\/2022\/02\/17\/continuita-territoriale-aerea-lassessore-todde-basta-falsi-allarmismi-a-breve-il-bando-per-i-prossimi-due-anni\/","title":{"rendered":"Continuit\u00e0 territoriale aerea, l\u2019assessore Todde: \u201cbasta falsi allarmismi, a breve il bando per i prossimi due anni\u201d."},"content":{"rendered":"\n<p>Cagliari, 17 Feb 2022 \u2013\u00a0\u201cLa continuit\u00e0 territoriale aerea \u00e8 garantita fino al 14 maggio. \u00c8 gi\u00e0 stata pubblicata la manifestazione di interesse ad accettazione per tutta l\u2019estate e la Commissione europea a breve dovrebbe anche pubblicare il prossimo bando per i prossimi due anni\u201d. L\u2019assessore regionale dei Trasporti, Giorgio Todde, replica cos\u00ec alla deputata del M5S, Paola Deiana, invitandola \u201ca non creare falsi allarmismi su una materia complessa che richiede i tempi dettati dalle normative statali e comunitarie\u201d.<\/p>\n\n\n\n<p>\u201cCon un decreto del Ministro delle Infrastrutture \u2013 ricorda l\u2019esponente della Giunta \u2013 si \u00e8 stabilito che le compagnie aeree interessate a garantire i voli in continuit\u00e0 territoriale da e per la Sardegna possano presentare anche una proposta limitata al periodo compreso tra il 15 maggio e il&nbsp;30 settembre 2022. Alcuni vettori hanno gi\u00e0 dichiarato pubblicamente che accetteranno per i quattro mesi estivi. Stiamo portando avanti, in stretto accordo con il Ministero e con la rappresentanza italiana a Bruxelles, un\u2019azione condivisa che ha gi\u00e0 portato e porter\u00e0 risultati importanti per garantire il diritto alla mobilit\u00e0 dei sardi e della Sardegna a essere collegata con il resto d\u2019Italia\u201d. Com<\/p>\n","protected":false},"excerpt":{"rendered":"<p>Cagliari, 17 Feb 2022 \u2013\u00a0\u201cLa continuit\u00e0 territoriale aerea \u00e8 garantita fino al 14 maggio. \u00c8 gi\u00e0 stata pubblicata la manifestazione di interesse ad accettazione per&#8230;<\/p>\n","protected":false},"author":2,"featured_media":192145,"comment_status":"closed","ping_status":"open","sticky":false,"template":"","format":"standard","meta":[],"categories":[49,52],"tags":[],"_links":{"self":[{"href":"https:\/\/www.cronacaonline.it\/index.php\/wp-json\/wp\/v2\/posts\/217750"}],"collection":[{"href":"https:\/\/www.cronacaonline.it\/index.php\/wp-json\/wp\/v2\/posts"}],"about":[{"href":"https:\/\/www.cronacaonline.it\/index.php\/wp-json\/wp\/v2\/types\/post"}],"author":[{"embeddable":true,"href":"https:\/\/www.cronacaonline.it\/index.php\/wp-json\/wp\/v2\/users\/2"}],"replies":[{"embeddable":true,"href":"https:\/\/www.cronacaonline.it\/index.php\/wp-json\/wp\/v2\/comments?post=217750"}],"version-history":[{"count":1,"href":"https:\/\/www.cronacaonline.it\/index.php\/wp-json\/wp\/v2\/posts\/217750\/revisions"}],"predecessor-version":[{"id":217751,"href":"https:\/\/www.cronacaonline.it\/index.php\/wp-json\/wp\/v2\/posts\/217750\/revisions\/217751"}],"wp:featuredmedia":[{"embeddable":true,"href":"https:\/\/www.cronacaonline.it\/index.php\/wp-json\/wp\/v2\/media\/192145"}],"wp:attachment":[{"href":"https:\/\/www.cronacaonline.it\/index.php\/wp-json\/wp\/v2\/media?parent=217750"}],"wp:term":[{"taxonomy":"category","embeddable":true,"href":"https:\/\/www.cronacaonline.it\/index.php\/wp-json\/wp\/v2\/categories?post=217750"},{"taxonomy":"post_tag","embeddable":true,"href":"https:\/\/www.cronacaonline.it\/index.php\/wp-json\/wp\/v2\/tags?post=217750"}],"curies":[{"name":"wp","href":"https:\/\/api.w.org\/{rel}","templated":true}]}}